{"id":17703,"date":"2025-06-09T10:27:39","date_gmt":"2025-06-09T08:27:39","guid":{"rendered":"https:\/\/entretormentas.com\/?p=17703"},"modified":"2025-06-09T10:27:40","modified_gmt":"2025-06-09T08:27:40","slug":"cr7-los-lidero-portugal-vence-a-espana-y-se-titula-campeon-de-la-liga-de-naciones-en-penales","status":"publish","type":"post","link":"https:\/\/entretormentas.com\/cr7-los-lidero-portugal-vence-a-espana-y-se-titula-campeon-de-la-liga-de-naciones-en-penales\/","title":{"rendered":"\u00a1CR7 LOS LIDER\u00d3! Portugal vence a Espa\u00f1a y se titula campe\u00f3n de la Liga de Naciones en penales"},"content":{"rendered":"\n<p><strong>ENTRE TORMENTAS.<\/strong> En un duelo vibrante y lleno de tensi\u00f3n, la selecci\u00f3n de Portugal se consagr\u00f3 campeona de la UEFA Nations League 2025 tras imponerse sobre Espa\u00f1a en una dram\u00e1tica tanda de penales.<\/p>\n\n\n\n<p>Los primeros compases del partido en el Allianz Arena muniqu\u00e9s dejaron ver a una Espa\u00f1a incapaz de encontrar otro recurso que conectar con Nico Williams, toda vez que la presi\u00f3n de Portugal en el torneo de la UEFA cerraba los caminos en el centro y pon\u00eda una guardia pretoriana sobre Lamine Yamal.<\/p>\n\n\n\n<p>No fue hasta el minuto 12 que el prodigio de Roncafonda se encontr\u00f3 con un bal\u00f3n en las inmediaciones del \u00e1rea lusitana, encar\u00f3 y tuvo que ser derribado para evitar males mayores.<\/p>\n\n\n\n<figure class=\"wp-block-image size-large\"><img fetchpriority=\"high\" decoding=\"async\" width=\"958\" height=\"1024\" src=\"https:\/\/entretormentas.com\/wp-content\/uploads\/2025\/06\/cr7-958x1024.jpg\" alt=\"\" class=\"wp-image-17704\" srcset=\"https:\/\/entretormentas.com\/wp-content\/uploads\/2025\/06\/cr7-958x1024.jpg 958w, https:\/\/entretormentas.com\/wp-content\/uploads\/2025\/06\/cr7-281x300.jpg 281w, https:\/\/entretormentas.com\/wp-content\/uploads\/2025\/06\/cr7-768x821.jpg 768w, https:\/\/entretormentas.com\/wp-content\/uploads\/2025\/06\/cr7-1024x1094.jpg 1024w, https:\/\/entretormentas.com\/wp-content\/uploads\/2025\/06\/cr7.jpg 1064w\" sizes=\"(max-width: 958px) 100vw, 958px\" \/><\/figure>\n\n\n\n<p><strong>ESPA\u00d1A MARC\u00d3 PRIMERO<\/strong><br>Al rato, Pedri goz\u00f3 de un disparo franco para quebrar la igualdad en el score, pero no acert\u00f3. Minutos despu\u00e9s, Nico (el m\u00e1s activo de la cancha) mand\u00f3 una rosca que pas\u00f3 frisando la cruceta del arco de Diogo Costa. Y al minuto 21, el colof\u00f3n de la arremetida lo puso Zubimendi, al recoger una pelota suelta en el \u00e1rea.<\/p>\n\n\n\n<p>La selecci\u00f3n espa\u00f1ola tomaba el mando, respaldando los pron\u00f3sticos previos al duelo crucial de esta Nations League. Sin embargo, las huestes de Cristiano Ronaldo no estaban por la de bajar los brazos y empataron enseguida (28\u2019) a trav\u00e9s de un zurdazo de Nuno Mendes.<\/p>\n\n\n\n<p>Desde ese momento el juego se espes\u00f3, el dominio fue alterno, y cuando parec\u00eda que se ir\u00edan al descanso con equilibrio en el score, una sutileza de Pedri asisti\u00f3 a Mikel Oyarz\u00e1bal, que devolvi\u00f3 la ventaja a su equipo y devino el primer jugador en la historia de la selecci\u00f3n absoluta espa\u00f1ola en marcar en tres finales.<\/p>\n\n\n\n<p>El dato es de MisterChip : el delantero vasco anot\u00f3 en las finales de Nations League de 2021, en la de este domingo 8 de junio, y tambi\u00e9n en la de la Eurocopa 2024.<\/p>\n\n\n\n<p>De modo que el duelo ib\u00e9rico cerraba su primera parte con un gol que pod\u00eda tener importantes implicaciones an\u00edmicas. Pero he aqu\u00ed que Lamine Yamal no mostraba su cara m\u00e1s irreverente, el centro del campo funcionaba con intermitencias, y por ah\u00ed se les col\u00f3 el empate con la firma de Cristiano Ronaldo, que a la hora del partido se aprovech\u00f3 de un centro al \u00e1rea para zafarse de Cucurella y marcar.<\/p>\n\n\n\n<figure class=\"wp-block-image size-full\"><img decoding=\"async\" width=\"819\" height=\"1024\" src=\"https:\/\/entretormentas.com\/wp-content\/uploads\/2025\/06\/cr777.jpg\" alt=\"\" class=\"wp-image-17705\" srcset=\"https:\/\/entretormentas.com\/wp-content\/uploads\/2025\/06\/cr777.jpg 819w, https:\/\/entretormentas.com\/wp-content\/uploads\/2025\/06\/cr777-240x300.jpg 240w, https:\/\/entretormentas.com\/wp-content\/uploads\/2025\/06\/cr777-768x960.jpg 768w\" sizes=\"(max-width: 819px) 100vw, 819px\" \/><\/figure>\n\n\n\n<p><strong>DESDE EL PUNTO PENAL<\/strong><br>La pizarra volv\u00eda a estar como al inicio. Espa\u00f1a luc\u00eda inferior en el campo y en la mente, Lamine Yamal desbordaba una extra\u00f1a apat\u00eda, y Luis de la Fuente se resist\u00eda a sacudir la mata hasta que entr\u00f3 en juego a Mikel Merino e Isco en lugar de Fabi\u00e1n Ruiz y Pedri.<\/p>\n\n\n\n<p>El tramo final del per\u00edodo reglamentario aport\u00f3 poco en materia de emociones, como no fuera un zapatazo de Isco que el portero rechaz\u00f3 in extremis. Ronaldo se fue con molestias f\u00edsicas, Bruno Fernandes le exigi\u00f3 una estirada a Unai Sim\u00f3n, y como hace dos a\u00f1os, la Nations League se fue a la pr\u00f3rroga.<\/p>\n\n\n\n<p>El tiempo extra no ofreci\u00f3 demasiado tampoco. Hubo mucho esfuerzo est\u00e9ril, eso s\u00ed, pero el brillo estuvo ausente. En jornada para olvidar, Lamine Yamal fue enviado al banquillo, Nuno Mendes sigui\u00f3 siendo el mejor del choque y la loter\u00eda desde los 11 metros se hizo necesaria. All\u00ed, \u00c1lvaro Morata fall\u00f3, R\u00faben Neves no perdon\u00f3, y Portugal celebr\u00f3 nuevamente su llegada al trono de la UEFA Nations League.<br><strong><em>ET \/ Swing Completo<\/em><\/strong><\/p>\n\n\n\n<p><\/p>\n","protected":false},"excerpt":{"rendered":"<p>ENTRE TORMENTAS. En un duelo vibrante y lleno de tensi\u00f3n, la selecci\u00f3n de Portugal se&#8230;<\/p>\n","protected":false},"author":2,"featured_media":17706,"comment_status":"closed","ping_status":"open","sticky":false,"template":"","format":"standard","meta":{"footnotes":""},"categories":[57,53],"tags":[],"class_list":["post-17703","post","type-post","status-publish","format-standard","has-post-thumbnail","hentry","category-actualidad","category-deportes"],"_links":{"self":[{"href":"https:\/\/entretormentas.com\/index.php?rest_route=\/wp\/v2\/posts\/17703","targetHints":{"allow":["GET"]}}],"collection":[{"href":"https:\/\/entretormentas.com\/index.php?rest_route=\/wp\/v2\/posts"}],"about":[{"href":"https:\/\/entretormentas.com\/index.php?rest_route=\/wp\/v2\/types\/post"}],"author":[{"embeddable":true,"href":"https:\/\/entretormentas.com\/index.php?rest_route=\/wp\/v2\/users\/2"}],"replies":[{"embeddable":true,"href":"https:\/\/entretormentas.com\/index.php?rest_route=%2Fwp%2Fv2%2Fcomments&post=17703"}],"version-history":[{"count":1,"href":"https:\/\/entretormentas.com\/index.php?rest_route=\/wp\/v2\/posts\/17703\/revisions"}],"predecessor-version":[{"id":17707,"href":"https:\/\/entretormentas.com\/index.php?rest_route=\/wp\/v2\/posts\/17703\/revisions\/17707"}],"wp:featuredmedia":[{"embeddable":true,"href":"https:\/\/entretormentas.com\/index.php?rest_route=\/wp\/v2\/media\/17706"}],"wp:attachment":[{"href":"https:\/\/entretormentas.com\/index.php?rest_route=%2Fwp%2Fv2%2Fmedia&parent=17703"}],"wp:term":[{"taxonomy":"category","embeddable":true,"href":"https:\/\/entretormentas.com\/index.php?rest_route=%2Fwp%2Fv2%2Fcategories&post=17703"},{"taxonomy":"post_tag","embeddable":true,"href":"https:\/\/entretormentas.com\/index.php?rest_route=%2Fwp%2Fv2%2Ftags&post=17703"}],"curies":[{"name":"wp","href":"https:\/\/api.w.org\/{rel}","templated":true}]}}