{"id":17708,"date":"2025-06-09T10:30:49","date_gmt":"2025-06-09T08:30:49","guid":{"rendered":"https:\/\/entretormentas.com\/?p=17708"},"modified":"2025-06-09T10:30:49","modified_gmt":"2025-06-09T08:30:49","slug":"para-las-municipales-del-27-jul-hoy-lunes-inicia-presentacion-modificacion-y-sustitucion-de-postulaciones","status":"publish","type":"post","link":"https:\/\/entretormentas.com\/para-las-municipales-del-27-jul-hoy-lunes-inicia-presentacion-modificacion-y-sustitucion-de-postulaciones\/","title":{"rendered":"\u00a1PARA LAS MUNICIPALES DEL 27-JUL! Hoy lunes inicia presentaci\u00f3n, modificaci\u00f3n y sustituci\u00f3n de postulaciones"},"content":{"rendered":"\n<p><strong>ENTRE TORMENTAS. <\/strong>El Consejo Nacional Electoral (CNE) difundi\u00f3 este s\u00e1bado un comunicado, fechado el d\u00eda 5 de junio, en el que informa que el lapso para la presentaci\u00f3n, modificaci\u00f3n y sustituci\u00f3n de postulaciones para las elecciones municipales ser\u00e1 de cinco d\u00edas<\/p>\n\n\n\n<p>En el texto, el CNE indica que ese periodo comienza el d\u00eda lunes 9 de junio y culmina el viernes 13 de junio, destacando que este proceso se realizar\u00e1 por medio del uso del Sistema Automatizado de Postulaci\u00f3n (SAP).<\/p>\n\n\n\n<p>El presidente del Consejo Nacional Electoral (CNE), Elvis Amoroso, anunci\u00f3 el mi\u00e9rcoles 4 de junio que las elecciones municipales se realizar\u00e1n el pr\u00f3ximo 27 de julio, detalla Mundo UR.<\/p>\n\n\n\n<figure class=\"wp-block-image size-large\"><img fetchpriority=\"high\" decoding=\"async\" width=\"1024\" height=\"576\" src=\"https:\/\/entretormentas.com\/wp-content\/uploads\/2025\/06\/munici2-1024x576.jpg\" alt=\"\" class=\"wp-image-17709\" srcset=\"https:\/\/entretormentas.com\/wp-content\/uploads\/2025\/06\/munici2-1024x576.jpg 1024w, https:\/\/entretormentas.com\/wp-content\/uploads\/2025\/06\/munici2-300x169.jpg 300w, https:\/\/entretormentas.com\/wp-content\/uploads\/2025\/06\/munici2-768x432.jpg 768w, https:\/\/entretormentas.com\/wp-content\/uploads\/2025\/06\/munici2.jpg 1242w\" sizes=\"(max-width: 1024px) 100vw, 1024px\" \/><\/figure>\n\n\n\n<p>En un anuncio hecho en la sede de Plaza Caracas, Amoroso se\u00f1al\u00f3 que fue aprobado el cronograma para los comicios de alcaldes y concejales, donde este evento se llevar\u00e1 a cabo con un corte preliminar en el Registro Electoral a este mi\u00e9rcoles 4 de junio y su aprobaci\u00f3n, que ser\u00e1 el 9 de junio.<\/p>\n\n\n\n<p>Adem\u00e1s, en su alocuci\u00f3n, se\u00f1al\u00f3 que la campa\u00f1a electoral para estos comicios ser\u00e1 del 11 al 24 de julio.<\/p>\n\n\n\n<p>Estas elecciones van a coincidir con la consulta popular de la juventud, por lo que los circuitos comunales estar\u00e1n activos igualmente junto a los centros de votaci\u00f3n de todo el pa\u00eds para la escogencia de 335 alcald\u00edas y concejos municipales.<br><strong><em>ET \/ Agencias<\/em><\/strong><\/p>\n\n\n\n<p><\/p>\n","protected":false},"excerpt":{"rendered":"<p>ENTRE TORMENTAS. El Consejo Nacional Electoral (CNE) difundi\u00f3 este s\u00e1bado un comunicado, fechado el d\u00eda&#8230;<\/p>\n","protected":false},"author":2,"featured_media":17710,"comment_status":"closed","ping_status":"open","sticky":false,"template":"","format":"standard","meta":{"footnotes":""},"categories":[56,49],"tags":[],"class_list":["post-17708","post","type-post","status-publish","format-standard","has-post-thumbnail","hentry","category-destacadas","category-nacionales"],"_links":{"self":[{"href":"https:\/\/entretormentas.com\/index.php?rest_route=\/wp\/v2\/posts\/17708","targetHints":{"allow":["GET"]}}],"collection":[{"href":"https:\/\/entretormentas.com\/index.php?rest_route=\/wp\/v2\/posts"}],"about":[{"href":"https:\/\/entretormentas.com\/index.php?rest_route=\/wp\/v2\/types\/post"}],"author":[{"embeddable":true,"href":"https:\/\/entretormentas.com\/index.php?rest_route=\/wp\/v2\/users\/2"}],"replies":[{"embeddable":true,"href":"https:\/\/entretormentas.com\/index.php?rest_route=%2Fwp%2Fv2%2Fcomments&post=17708"}],"version-history":[{"count":1,"href":"https:\/\/entretormentas.com\/index.php?rest_route=\/wp\/v2\/posts\/17708\/revisions"}],"predecessor-version":[{"id":17711,"href":"https:\/\/entretormentas.com\/index.php?rest_route=\/wp\/v2\/posts\/17708\/revisions\/17711"}],"wp:featuredmedia":[{"embeddable":true,"href":"https:\/\/entretormentas.com\/index.php?rest_route=\/wp\/v2\/media\/17710"}],"wp:attachment":[{"href":"https:\/\/entretormentas.com\/index.php?rest_route=%2Fwp%2Fv2%2Fmedia&parent=17708"}],"wp:term":[{"taxonomy":"category","embeddable":true,"href":"https:\/\/entretormentas.com\/index.php?rest_route=%2Fwp%2Fv2%2Fcategories&post=17708"},{"taxonomy":"post_tag","embeddable":true,"href":"https:\/\/entretormentas.com\/index.php?rest_route=%2Fwp%2Fv2%2Ftags&post=17708"}],"curies":[{"name":"wp","href":"https:\/\/api.w.org\/{rel}","templated":true}]}}