{"id":17722,"date":"2025-06-09T10:40:52","date_gmt":"2025-06-09T08:40:52","guid":{"rendered":"https:\/\/entretormentas.com\/?p=17722"},"modified":"2025-06-09T10:40:53","modified_gmt":"2025-06-09T08:40:53","slug":"enfrentamientos-guardia-nacional-de-eeuu-llega-a-los-angeles-para-aplacar-las-protestas-contra-redadas","status":"publish","type":"post","link":"https:\/\/entretormentas.com\/enfrentamientos-guardia-nacional-de-eeuu-llega-a-los-angeles-para-aplacar-las-protestas-contra-redadas\/","title":{"rendered":"\u00a1ENFRENTAMIENTOS! Guardia Nacional de EEUU llega a Los \u00c1ngeles para aplacar las protestas contra redadas"},"content":{"rendered":"\n<p><strong>ENTRE TORMENTAS. <\/strong>Tropas de la Guardia Nacional de Estados Unidos comenzaron a llegar a Los \u00c1ngeles en la madrugada y la ma\u00f1ana del domingo como parte de los dos mil efectivos que el presidente estadounidense, Donald Trump, orden\u00f3 desplegar en la ciudad para aplacar las protestas contras redadas masivas de migraci\u00f3n, informaron medios locales.<\/p>\n\n\n\n<p>Trump culp\u00f3 este domingo a la \u00abizquierda radical\u00bb de estar detr\u00e1s de los disturbios -que hoy entran en su tercer d\u00eda consecutivo- en Los \u00c1ngeles, detalla EFE.<\/p>\n\n\n\n<p>\u00abEstas protestas de la izquierda radical, por instigadores y a menudo alborotadores pagados, no ser\u00e1 toleradas. Adem\u00e1s, a partir de ahora, no se permitir\u00e1 el uso de m\u00e1scaras en las protestas. \u00bfQu\u00e9 tiene que ocultar esta gente y por qu\u00e9? Una vez m\u00e1s, \u00a1gracias a la Guardia Nacional por el trabajo bien hecho!\u00bb, afirm\u00f3 Trump.<\/p>\n\n\n\n<p>Adem\u00e1s, en la publicaci\u00f3n, el mandatario aprovech\u00f3 para criticar al \u00abincompetente\u00bb gobernador dem\u00f3crata Gavin Newsom, al que renombr\u00f3 en tono denigrante \u00abNuevaescoria\u00bb (\u2018Newscum\u2019, jugando con la sonoridad de su apellido) y contra la alcaldesa Karen Bass: \u00abBasta con ver c\u00f3mo gestionaron los incendios\u00bb, dijo Trump.<\/p>\n\n\n\n<figure class=\"wp-block-image size-full\"><img fetchpriority=\"high\" decoding=\"async\" width=\"900\" height=\"600\" src=\"https:\/\/entretormentas.com\/wp-content\/uploads\/2025\/06\/proteeuu2.jpg\" alt=\"\" class=\"wp-image-17723\" srcset=\"https:\/\/entretormentas.com\/wp-content\/uploads\/2025\/06\/proteeuu2.jpg 900w, https:\/\/entretormentas.com\/wp-content\/uploads\/2025\/06\/proteeuu2-300x200.jpg 300w, https:\/\/entretormentas.com\/wp-content\/uploads\/2025\/06\/proteeuu2-768x512.jpg 768w\" sizes=\"(max-width: 900px) 100vw, 900px\" \/><\/figure>\n\n\n\n<p>Durante la noche, el \u00e1rea metropolitana de Los \u00c1ngeles se mantuvo relativamente tranquila en comparaci\u00f3n con las protestas que comenzaron el viernes despu\u00e9s de que funcionarios federales realizaran redadas migratorias en el condado de Los \u00c1ngeles.<\/p>\n\n\n\n<p>La madrugada del domingo, la polic\u00eda inform\u00f3 de que detuvo a varias personas tras declarar una reuni\u00f3n en el centro de Los \u00c1ngeles como asamblea ilegal, y en la ciudad de Paramount, tres personas acusadas de agredir a agentes fueron arrestadas durante la noche.<\/p>\n\n\n\n<p>El s\u00e1bado se produjeron enfrentamientos cerca de un Home Depot en Paramount, al sur de Los \u00c1ngeles, donde agentes federales se encontraban en una oficina cercana del Departamento de Seguridad Nacional.<\/p>\n\n\n\n<p>Activistas y miembros de la comunidad protestaron tratando de evitar las detenciones, pero por m\u00e1s de dos horas los agentes federales repelieron a los manifestantes con gases lacrim\u00f3genos y granadas aturdidoras.<\/p>\n\n\n\n<p>Se registraron m\u00faltiples personas heridas entre los manifestantes golpeados por balas de goma y las granadas.<\/p>\n\n\n\n<p>Las autoridades utilizaron t\u00e1cticas militares para dispersar a los manifestantes y poder sacar a los detenidos.<\/p>\n\n\n\n<p>La tensi\u00f3n era alta despu\u00e9s de una serie de redadas realizadas por las autoridades de inmigraci\u00f3n el d\u00eda anterior, incluso en el Distrito de la Moda de Los \u00c1ngeles.<br><strong><em>ET \/ Agencias<\/em><\/strong><\/p>\n\n\n\n<p><\/p>\n","protected":false},"excerpt":{"rendered":"<p>ENTRE TORMENTAS. Tropas de la Guardia Nacional de Estados Unidos comenzaron a llegar a Los&#8230;<\/p>\n","protected":false},"author":2,"featured_media":17724,"comment_status":"closed","ping_status":"open","sticky":false,"template":"","format":"standard","meta":{"footnotes":""},"categories":[56,48],"tags":[],"class_list":["post-17722","post","type-post","status-publish","format-standard","has-post-thumbnail","hentry","category-destacadas","category-internacionales"],"_links":{"self":[{"href":"https:\/\/entretormentas.com\/index.php?rest_route=\/wp\/v2\/posts\/17722","targetHints":{"allow":["GET"]}}],"collection":[{"href":"https:\/\/entretormentas.com\/index.php?rest_route=\/wp\/v2\/posts"}],"about":[{"href":"https:\/\/entretormentas.com\/index.php?rest_route=\/wp\/v2\/types\/post"}],"author":[{"embeddable":true,"href":"https:\/\/entretormentas.com\/index.php?rest_route=\/wp\/v2\/users\/2"}],"replies":[{"embeddable":true,"href":"https:\/\/entretormentas.com\/index.php?rest_route=%2Fwp%2Fv2%2Fcomments&post=17722"}],"version-history":[{"count":1,"href":"https:\/\/entretormentas.com\/index.php?rest_route=\/wp\/v2\/posts\/17722\/revisions"}],"predecessor-version":[{"id":17725,"href":"https:\/\/entretormentas.com\/index.php?rest_route=\/wp\/v2\/posts\/17722\/revisions\/17725"}],"wp:featuredmedia":[{"embeddable":true,"href":"https:\/\/entretormentas.com\/index.php?rest_route=\/wp\/v2\/media\/17724"}],"wp:attachment":[{"href":"https:\/\/entretormentas.com\/index.php?rest_route=%2Fwp%2Fv2%2Fmedia&parent=17722"}],"wp:term":[{"taxonomy":"category","embeddable":true,"href":"https:\/\/entretormentas.com\/index.php?rest_route=%2Fwp%2Fv2%2Fcategories&post=17722"},{"taxonomy":"post_tag","embeddable":true,"href":"https:\/\/entretormentas.com\/index.php?rest_route=%2Fwp%2Fv2%2Ftags&post=17722"}],"curies":[{"name":"wp","href":"https:\/\/api.w.org\/{rel}","templated":true}]}}