{"id":17728,"date":"2025-06-10T09:50:22","date_gmt":"2025-06-10T07:50:22","guid":{"rendered":"https:\/\/entretormentas.com\/?p=17728"},"modified":"2025-06-10T09:50:23","modified_gmt":"2025-06-10T07:50:23","slug":"proyectando-sonrisas-alcaldia-lleva-el-cine-a-ninos-de-las-comunidades-en-san-francisco","status":"publish","type":"post","link":"https:\/\/entretormentas.com\/proyectando-sonrisas-alcaldia-lleva-el-cine-a-ninos-de-las-comunidades-en-san-francisco\/","title":{"rendered":"\u00a1PROYECTANDO SONRISAS! Alcald\u00eda lleva el cine a ni\u00f1os de las comunidades en San Francisco"},"content":{"rendered":"\n<p><strong>ENTRE TORMENTAS. <\/strong>Con el programa \u00abProyectando Sonrisas\u00bb el alcalde Gustavo Fern\u00e1ndez, a trav\u00e9s de la Gerencia de Desarrollo Social y Participaci\u00f3n Ciudadana y la Secretar\u00eda Municipal, fomenta la distracci\u00f3n y el sano esparcimiento, con la proyecci\u00f3n de pel\u00edculas a ni\u00f1os de todas las parroquias, brindando un rato de alegr\u00eda y diversi\u00f3n.<\/p>\n\n\n\n<figure class=\"wp-block-image size-large\"><img fetchpriority=\"high\" decoding=\"async\" width=\"1024\" height=\"680\" src=\"https:\/\/entretormentas.com\/wp-content\/uploads\/2025\/06\/cinesf2-1024x680.jpg\" alt=\"\" class=\"wp-image-17729\" srcset=\"https:\/\/entretormentas.com\/wp-content\/uploads\/2025\/06\/cinesf2-1024x680.jpg 1024w, https:\/\/entretormentas.com\/wp-content\/uploads\/2025\/06\/cinesf2-300x199.jpg 300w, https:\/\/entretormentas.com\/wp-content\/uploads\/2025\/06\/cinesf2-768x510.jpg 768w, https:\/\/entretormentas.com\/wp-content\/uploads\/2025\/06\/cinesf2.jpg 1280w\" sizes=\"(max-width: 1024px) 100vw, 1024px\" \/><\/figure>\n\n\n\n<p>Los consentidos de la casa disfrutan de una maravillosa tarde de cine que los hace re\u00edr y compartir adem\u00e1s de un rico refrigerio, mientras se adentran en las historias contadas en la producci\u00f3n cinematogr\u00e1fica, dej\u00e1ndoles disciplina, principios y valores, con el mensaje transmitido.<\/p>\n\n\n\n<p>\u00abEs la alegr\u00eda genuina de nuestros ni\u00f1os la que nos impulsa a dar lo mejor de nosotros cada d\u00eda, buscando cada espacio y actividad para entretener y divertir a los m\u00e1s peque\u00f1os\u00bb enfatiz\u00f3 el mandatario municipal.<\/p>\n\n\n\n<figure class=\"wp-block-image size-large\"><img decoding=\"async\" width=\"1024\" height=\"768\" src=\"https:\/\/entretormentas.com\/wp-content\/uploads\/2025\/06\/cinesf3-1024x768.jpg\" alt=\"\" class=\"wp-image-17730\" srcset=\"https:\/\/entretormentas.com\/wp-content\/uploads\/2025\/06\/cinesf3-1024x768.jpg 1024w, https:\/\/entretormentas.com\/wp-content\/uploads\/2025\/06\/cinesf3-300x225.jpg 300w, https:\/\/entretormentas.com\/wp-content\/uploads\/2025\/06\/cinesf3-768x576.jpg 768w, https:\/\/entretormentas.com\/wp-content\/uploads\/2025\/06\/cinesf3.jpg 1280w\" sizes=\"(max-width: 1024px) 100vw, 1024px\" \/><\/figure>\n\n\n\n<p>En estos encuentros, las familias participan activamente de momentos de alegr\u00eda y bonitas experiencias, donde se evidencia la intenci\u00f3n de proporcionar las herramientas necesarias para reforzar el desarrollo integral de los ni\u00f1os.<\/p>\n\n\n\n<p>Este proyecto es posible gracias a la gesti\u00f3n del alcalde Gustavo Fern\u00e1ndez, y a un gran equipo multidisciplinario, quienes con su compromiso nos permiten seguir promoviendo valores positivos en las comunidades sure\u00f1as.<br><strong><em>ET \/ Alcald\u00eda de San Francisco<\/em><\/strong><\/p>\n\n\n\n<p><\/p>\n","protected":false},"excerpt":{"rendered":"<p>ENTRE TORMENTAS. Con el programa \u00abProyectando Sonrisas\u00bb el alcalde Gustavo Fern\u00e1ndez, a trav\u00e9s de la&#8230;<\/p>\n","protected":false},"author":2,"featured_media":17731,"comment_status":"closed","ping_status":"open","sticky":false,"template":"","format":"standard","meta":{"footnotes":""},"categories":[1],"tags":[],"class_list":["post-17728","post","type-post","status-publish","format-standard","has-post-thumbnail","hentry","category-regionales"],"_links":{"self":[{"href":"https:\/\/entretormentas.com\/index.php?rest_route=\/wp\/v2\/posts\/17728","targetHints":{"allow":["GET"]}}],"collection":[{"href":"https:\/\/entretormentas.com\/index.php?rest_route=\/wp\/v2\/posts"}],"about":[{"href":"https:\/\/entretormentas.com\/index.php?rest_route=\/wp\/v2\/types\/post"}],"author":[{"embeddable":true,"href":"https:\/\/entretormentas.com\/index.php?rest_route=\/wp\/v2\/users\/2"}],"replies":[{"embeddable":true,"href":"https:\/\/entretormentas.com\/index.php?rest_route=%2Fwp%2Fv2%2Fcomments&post=17728"}],"version-history":[{"count":1,"href":"https:\/\/entretormentas.com\/index.php?rest_route=\/wp\/v2\/posts\/17728\/revisions"}],"predecessor-version":[{"id":17732,"href":"https:\/\/entretormentas.com\/index.php?rest_route=\/wp\/v2\/posts\/17728\/revisions\/17732"}],"wp:featuredmedia":[{"embeddable":true,"href":"https:\/\/entretormentas.com\/index.php?rest_route=\/wp\/v2\/media\/17731"}],"wp:attachment":[{"href":"https:\/\/entretormentas.com\/index.php?rest_route=%2Fwp%2Fv2%2Fmedia&parent=17728"}],"wp:term":[{"taxonomy":"category","embeddable":true,"href":"https:\/\/entretormentas.com\/index.php?rest_route=%2Fwp%2Fv2%2Fcategories&post=17728"},{"taxonomy":"post_tag","embeddable":true,"href":"https:\/\/entretormentas.com\/index.php?rest_route=%2Fwp%2Fv2%2Ftags&post=17728"}],"curies":[{"name":"wp","href":"https:\/\/api.w.org\/{rel}","templated":true}]}}