{"id":17752,"date":"2025-06-10T10:13:17","date_gmt":"2025-06-10T08:13:17","guid":{"rendered":"https:\/\/entretormentas.com\/?p=17752"},"modified":"2025-06-10T10:13:18","modified_gmt":"2025-06-10T08:13:18","slug":"reimpulso-de-operaciones-alcaldia-aumenta-efectividad-del-imau-en-la-recoleccion-de-desechos","status":"publish","type":"post","link":"https:\/\/entretormentas.com\/reimpulso-de-operaciones-alcaldia-aumenta-efectividad-del-imau-en-la-recoleccion-de-desechos\/","title":{"rendered":"\u00a1REIMPULSO DE OPERACIONES! Alcald\u00eda aumenta efectividad del IMAU en la recolecci\u00f3n de desechos"},"content":{"rendered":"\n<p><strong>ENTRE TORMENTAS. <\/strong>Adri\u00e1n Romero Mart\u00ednez, alcalde encargado de Maracaibo, anunci\u00f3, durante el Balance de Gesti\u00f3n y Transparencia n\u00famero 126, el reimpulso de las operaciones de la Alcald\u00eda de Maracaibo a trav\u00e9s del Instituto Municipal de Aseo Urbano (IMAU) con el objetivo de aumentar la efectividad del cronograma de recolecci\u00f3n de desechos s\u00f3lidos en toda la ciudad.<\/p>\n\n\n\n<p>Romero Mart\u00ednez explic\u00f3 que las operaciones del IMAU fueron afectadas durante aproximadamente un mes, debido a factores presupuestarios, lo cual provoc\u00f3 la disminuci\u00f3n de la frecuencia de recolecci\u00f3n en varias parroquias. Sin embargo, detall\u00f3 que, con las acciones emprendidas desde el pasado jueves 5 de junio, se estiman que antes de finalizar el mes, se retome la efectividad alcanzada en meses anteriores.<\/p>\n\n\n\n<figure class=\"wp-block-image size-large\"><img fetchpriority=\"high\" decoding=\"async\" width=\"1024\" height=\"682\" src=\"https:\/\/entretormentas.com\/wp-content\/uploads\/2025\/06\/imaua2-1024x682.jpg\" alt=\"\" class=\"wp-image-17753\" srcset=\"https:\/\/entretormentas.com\/wp-content\/uploads\/2025\/06\/imaua2-1024x682.jpg 1024w, https:\/\/entretormentas.com\/wp-content\/uploads\/2025\/06\/imaua2-300x200.jpg 300w, https:\/\/entretormentas.com\/wp-content\/uploads\/2025\/06\/imaua2-768x512.jpg 768w, https:\/\/entretormentas.com\/wp-content\/uploads\/2025\/06\/imaua2-1536x1023.jpg 1536w, https:\/\/entretormentas.com\/wp-content\/uploads\/2025\/06\/imaua2.jpg 1600w\" sizes=\"(max-width: 1024px) 100vw, 1024px\" \/><\/figure>\n\n\n\n<p>\u201cTras el proceso electoral del pasado 25 de mayo, se logr\u00f3, mediante el Consejo Local de Planificaci\u00f3n P\u00fablica (CLPP), la aprobaci\u00f3n de una reprogramaci\u00f3n presupuestaria por el Concejo Municipal. Desde el jueves pasado comenzamos a saldar compromisos con los prestadores de servicios. Logramos pasar de una flota mixta (camiones propios y privados) de m\u00e1ximo 30 unidades operativas a 50 trabajando durante el fin de semana. Hoy lunes mantenemos esa misma cantidad, lo que nos permitir\u00e1 recuperar progresivamente la normalidad en la frecuencia de recolecci\u00f3n\u201d, asegur\u00f3 Romero.<\/p>\n\n\n\n<p>Destac\u00f3 que ya se ha iniciado el proceso de saneamiento en sectores como Sabaneta, Milagro Norte, la parroquia Chiquinquir\u00e1, Primero de Mayo y la Circunvalaci\u00f3n 1. Este lunes las operaciones continuar\u00e1n en Bituplast, Los Cocos y otros puntos con acumulaci\u00f3n de desechos.<\/p>\n\n\n\n<figure class=\"wp-block-image size-large\"><img decoding=\"async\" width=\"1024\" height=\"682\" src=\"https:\/\/entretormentas.com\/wp-content\/uploads\/2025\/06\/imaua3-1024x682.jpg\" alt=\"\" class=\"wp-image-17754\" srcset=\"https:\/\/entretormentas.com\/wp-content\/uploads\/2025\/06\/imaua3-1024x682.jpg 1024w, https:\/\/entretormentas.com\/wp-content\/uploads\/2025\/06\/imaua3-300x200.jpg 300w, https:\/\/entretormentas.com\/wp-content\/uploads\/2025\/06\/imaua3-768x512.jpg 768w, https:\/\/entretormentas.com\/wp-content\/uploads\/2025\/06\/imaua3-1536x1023.jpg 1536w, https:\/\/entretormentas.com\/wp-content\/uploads\/2025\/06\/imaua3.jpg 1600w\" sizes=\"(max-width: 1024px) 100vw, 1024px\" \/><\/figure>\n\n\n\n<p>\u201cMa\u00f1ana avanzaremos en Panamericano y frente al ret\u00e9n El Marite. Ya tenemos maquinaria operando en las principales arterias viales y parroquias como Cristo de Aranza y Luis Hurtado Higuera, donde la frecuencia de recolecci\u00f3n ya fue restablecida\u201d, a\u00f1adi\u00f3.<\/p>\n\n\n\n<p>El alcalde encargado hizo un llamado a la conciencia ciudadana, exhortando a la comunidad a colaborar cancelando las tasas de aseo urbano para fortalecer el servicio. Tambi\u00e9n advirti\u00f3 que, en conjunto con Polimaracaibo y otros cuerpos de seguridad, se sancionar\u00e1 a quienes arrojen desechos en la v\u00eda p\u00fablica.<\/p>\n\n\n\n<p>Finalmente, anunci\u00f3 un operativo especial a partir del lunes 16 de junio en la Circunvalaci\u00f3n N\u00b03, desde el distribuidor Maisanta hasta Los Patrulleros, con una duraci\u00f3n estimada de 15 d\u00edas. \u201cUna vez estabilizada la frecuencia, nos enfocaremos en recuperar por completo esta zona con la incorporaci\u00f3n de todo el equipo necesario\u201d, concluy\u00f3.<br><strong><em>ET \/ DCI Alcald\u00eda de Maracaibo<\/em><\/strong><\/p>\n","protected":false},"excerpt":{"rendered":"<p>ENTRE TORMENTAS. Adri\u00e1n Romero Mart\u00ednez, alcalde encargado de Maracaibo, anunci\u00f3, durante el Balance de Gesti\u00f3n&#8230;<\/p>\n","protected":false},"author":2,"featured_media":17755,"comment_status":"closed","ping_status":"open","sticky":false,"template":"","format":"standard","meta":{"footnotes":""},"categories":[57,1],"tags":[],"class_list":["post-17752","post","type-post","status-publish","format-standard","has-post-thumbnail","hentry","category-actualidad","category-regionales"],"_links":{"self":[{"href":"https:\/\/entretormentas.com\/index.php?rest_route=\/wp\/v2\/posts\/17752","targetHints":{"allow":["GET"]}}],"collection":[{"href":"https:\/\/entretormentas.com\/index.php?rest_route=\/wp\/v2\/posts"}],"about":[{"href":"https:\/\/entretormentas.com\/index.php?rest_route=\/wp\/v2\/types\/post"}],"author":[{"embeddable":true,"href":"https:\/\/entretormentas.com\/index.php?rest_route=\/wp\/v2\/users\/2"}],"replies":[{"embeddable":true,"href":"https:\/\/entretormentas.com\/index.php?rest_route=%2Fwp%2Fv2%2Fcomments&post=17752"}],"version-history":[{"count":1,"href":"https:\/\/entretormentas.com\/index.php?rest_route=\/wp\/v2\/posts\/17752\/revisions"}],"predecessor-version":[{"id":17756,"href":"https:\/\/entretormentas.com\/index.php?rest_route=\/wp\/v2\/posts\/17752\/revisions\/17756"}],"wp:featuredmedia":[{"embeddable":true,"href":"https:\/\/entretormentas.com\/index.php?rest_route=\/wp\/v2\/media\/17755"}],"wp:attachment":[{"href":"https:\/\/entretormentas.com\/index.php?rest_route=%2Fwp%2Fv2%2Fmedia&parent=17752"}],"wp:term":[{"taxonomy":"category","embeddable":true,"href":"https:\/\/entretormentas.com\/index.php?rest_route=%2Fwp%2Fv2%2Fcategories&post=17752"},{"taxonomy":"post_tag","embeddable":true,"href":"https:\/\/entretormentas.com\/index.php?rest_route=%2Fwp%2Fv2%2Ftags&post=17752"}],"curies":[{"name":"wp","href":"https:\/\/api.w.org\/{rel}","templated":true}]}}