{"id":17762,"date":"2025-06-10T10:19:46","date_gmt":"2025-06-10T08:19:46","guid":{"rendered":"https:\/\/entretormentas.com\/?p=17762"},"modified":"2025-06-11T10:46:50","modified_gmt":"2025-06-11T08:46:50","slug":"en-la-plazoleta-de-la-basilica-luis-caldera-sera-juramentado-como-gobernador-de-zulia-hoy-martes-10-jun","status":"publish","type":"post","link":"https:\/\/entretormentas.com\/en-la-plazoleta-de-la-basilica-luis-caldera-sera-juramentado-como-gobernador-de-zulia-hoy-martes-10-jun\/","title":{"rendered":"\u00a1EN LA PLAZOLETA DE LA BAS\u00cdLICA! Luis Caldera ser\u00e1 juramentado como gobernador de Zulia este mi\u00e9rcoles 11-Jun"},"content":{"rendered":"\n<p><strong>ENTRE TORMENTAS. <\/strong>La espera termin\u00f3. Luis Caldera, quien result\u00f3 vencedor en las elecciones regionales y legislativas el pasado 25 de mayo, ser\u00e1 juramentado este mi\u00e9rcoles 11 de junio, como nuevo gobernador del estado Zulia.<\/p>\n\n\n\n<p>La juramentaci\u00f3n se realizar\u00e1 en las inmediaciones de la Plazoleta de la Bas\u00edlica Nuestra Se\u00f1ora de Chiquinquir\u00e1. Seg\u00fan la informaci\u00f3n aportada por el departamento de prensa del nuevo mandatario regional iniciar\u00e1 a las 4:00 de la tarde. Extraoficialmente se conoci\u00f3 que al acto asistir\u00e1 el presidente Nicol\u00e1s Maduro y varios miembros de su gabinete.<br><strong><em>ET \/ Gabriel Sthormes<\/em><\/strong><\/p>\n","protected":false},"excerpt":{"rendered":"<p>ENTRE TORMENTAS. La espera termin\u00f3. Luis Caldera, quien result\u00f3 vencedor en las elecciones regionales y&#8230;<\/p>\n","protected":false},"author":2,"featured_media":17763,"comment_status":"closed","ping_status":"open","sticky":false,"template":"","format":"standard","meta":{"footnotes":""},"categories":[57,1],"tags":[],"class_list":["post-17762","post","type-post","status-publish","format-standard","has-post-thumbnail","hentry","category-actualidad","category-regionales"],"_links":{"self":[{"href":"https:\/\/entretormentas.com\/index.php?rest_route=\/wp\/v2\/posts\/17762","targetHints":{"allow":["GET"]}}],"collection":[{"href":"https:\/\/entretormentas.com\/index.php?rest_route=\/wp\/v2\/posts"}],"about":[{"href":"https:\/\/entretormentas.com\/index.php?rest_route=\/wp\/v2\/types\/post"}],"author":[{"embeddable":true,"href":"https:\/\/entretormentas.com\/index.php?rest_route=\/wp\/v2\/users\/2"}],"replies":[{"embeddable":true,"href":"https:\/\/entretormentas.com\/index.php?rest_route=%2Fwp%2Fv2%2Fcomments&post=17762"}],"version-history":[{"count":2,"href":"https:\/\/entretormentas.com\/index.php?rest_route=\/wp\/v2\/posts\/17762\/revisions"}],"predecessor-version":[{"id":17787,"href":"https:\/\/entretormentas.com\/index.php?rest_route=\/wp\/v2\/posts\/17762\/revisions\/17787"}],"wp:featuredmedia":[{"embeddable":true,"href":"https:\/\/entretormentas.com\/index.php?rest_route=\/wp\/v2\/media\/17763"}],"wp:attachment":[{"href":"https:\/\/entretormentas.com\/index.php?rest_route=%2Fwp%2Fv2%2Fmedia&parent=17762"}],"wp:term":[{"taxonomy":"category","embeddable":true,"href":"https:\/\/entretormentas.com\/index.php?rest_route=%2Fwp%2Fv2%2Fcategories&post=17762"},{"taxonomy":"post_tag","embeddable":true,"href":"https:\/\/entretormentas.com\/index.php?rest_route=%2Fwp%2Fv2%2Ftags&post=17762"}],"curies":[{"name":"wp","href":"https:\/\/api.w.org\/{rel}","templated":true}]}}