{"id":17772,"date":"2025-06-10T10:30:21","date_gmt":"2025-06-10T08:30:21","guid":{"rendered":"https:\/\/entretormentas.com\/?p=17772"},"modified":"2025-06-10T10:30:22","modified_gmt":"2025-06-10T08:30:22","slug":"alerta-venezolanos-con-visa-emitida-antes-de-9-jul-entraran-a-eeuu-pero-con-retrasos","status":"publish","type":"post","link":"https:\/\/entretormentas.com\/alerta-venezolanos-con-visa-emitida-antes-de-9-jul-entraran-a-eeuu-pero-con-retrasos\/","title":{"rendered":"\u00a1ALERTA! Venezolanos con visa emitida antes de 9-jul entrar\u00e1n a EEUU pero con retrasos"},"content":{"rendered":"\n<p><strong>ENTRE TORMENTAS.<\/strong> Martha Arias, abogada y experta en migraci\u00f3n, subray\u00f3 que la orden emitida por el presidente de Estados Unidos -EEUU-, Donald Trump, que restringe la entrada de venezolanos en la naci\u00f3n norteamericana y que este lunes entr\u00f3 en vigor, \u201csuspende las visas de inmigrantes y las de no inmigrantes que vayan a ingresar despu\u00e9s de junio 9\u201d.<\/p>\n\n\n\n<p>\u201cLas visas de inmigrantes son las residencias que se reciben en los consulados de EEUU, y las de no inmigrantes, que son las que espec\u00edficamente nombra la regulaci\u00f3n son: la PI y P2 de negocios y turismo, la F de estudiante, la M y la J de estudios pr\u00e1cticos, esas quedan restringidas la entrada a EEUU a partir de hoy y tampoco podr\u00e1n entrar aquellos que estaban aplicando para obtener la visa\u201d, destac\u00f3.<\/p>\n\n\n\n<p>En entrevista a Eduardo Rodr\u00edguez y Sa\u00fal Noriega en el programa A Tiempo de Uni\u00f3n Radio, resalt\u00f3 que \u201cquedan exonerados los venezolanos que tienen residencia en EEUU y poseen su green card; los que tienen doble nacionalidad; grupos atl\u00e9ticos, diplom\u00e1ticos y de la OTAN o ni\u00f1os adoptados bajo convenciones internacionales de la Haya\u201d.<\/p>\n\n\n\n<figure class=\"wp-block-image size-full\"><img fetchpriority=\"high\" decoding=\"async\" width=\"768\" height=\"499\" src=\"https:\/\/entretormentas.com\/wp-content\/uploads\/2025\/06\/VISA3-1.jpg\" alt=\"\" class=\"wp-image-17773\" srcset=\"https:\/\/entretormentas.com\/wp-content\/uploads\/2025\/06\/VISA3-1.jpg 768w, https:\/\/entretormentas.com\/wp-content\/uploads\/2025\/06\/VISA3-1-300x195.jpg 300w\" sizes=\"(max-width: 768px) 100vw, 768px\" \/><\/figure>\n\n\n\n<p>Precis\u00f3 que tambi\u00e9n \u201cpodr\u00e1n entrar familiares inmediatos de ciudadanos norteamericanos: si es venezolano menor de edad y sus padres lo piden, asimismo, padre, madre o c\u00f3nyuge, podr\u00e1n ser reclamados, pero si el que hace la petici\u00f3n es residente, esa visa si queda suspendida\u201d.<\/p>\n\n\n\n<p>Agreg\u00f3 que el venezolano con residencia y green card no tendr\u00e1 problemas y podr\u00e1n entrar y salir del pa\u00eds, pero aconseja buscar asesoramiento de alg\u00fan abogado si ha cometido alg\u00fan delito en EEUU.<\/p>\n\n\n\n<p>Destac\u00f3 que quien se encuentre en EEUU con visa de turismo deber\u00e1 respetar incondicionalmente la fecha de salida del territorio estadounidense.<\/p>\n\n\n\n<p>Advierte que los venezolanos que ya obtuvieron la visa antes del 9J podr\u00e1n entrar a EEUU, pero podr\u00edan experimentar retrasos en los aeropuertos.<\/p>\n\n\n\n<p>\u201cTraigan documentaci\u00f3n que muestren por qu\u00e9 vienen, qu\u00e9 va a hacer, qu\u00e9 tiempo van a estar, si vienen a un curso, clase o seminario, o a buscar a un familiar o a vacaciones, a qu\u00e9 hotel van, porque creo que van a experimentar demoras en la entrada\u201d, detall\u00f3.<br><strong><em>ET \/ Uni\u00f3n Radio<\/em><\/strong><\/p>\n\n\n\n<p><\/p>\n","protected":false},"excerpt":{"rendered":"<p>ENTRE TORMENTAS. Martha Arias, abogada y experta en migraci\u00f3n, subray\u00f3 que la orden emitida por&#8230;<\/p>\n","protected":false},"author":2,"featured_media":17774,"comment_status":"closed","ping_status":"open","sticky":false,"template":"","format":"standard","meta":{"footnotes":""},"categories":[56,48],"tags":[],"class_list":["post-17772","post","type-post","status-publish","format-standard","has-post-thumbnail","hentry","category-destacadas","category-internacionales"],"_links":{"self":[{"href":"https:\/\/entretormentas.com\/index.php?rest_route=\/wp\/v2\/posts\/17772","targetHints":{"allow":["GET"]}}],"collection":[{"href":"https:\/\/entretormentas.com\/index.php?rest_route=\/wp\/v2\/posts"}],"about":[{"href":"https:\/\/entretormentas.com\/index.php?rest_route=\/wp\/v2\/types\/post"}],"author":[{"embeddable":true,"href":"https:\/\/entretormentas.com\/index.php?rest_route=\/wp\/v2\/users\/2"}],"replies":[{"embeddable":true,"href":"https:\/\/entretormentas.com\/index.php?rest_route=%2Fwp%2Fv2%2Fcomments&post=17772"}],"version-history":[{"count":1,"href":"https:\/\/entretormentas.com\/index.php?rest_route=\/wp\/v2\/posts\/17772\/revisions"}],"predecessor-version":[{"id":17775,"href":"https:\/\/entretormentas.com\/index.php?rest_route=\/wp\/v2\/posts\/17772\/revisions\/17775"}],"wp:featuredmedia":[{"embeddable":true,"href":"https:\/\/entretormentas.com\/index.php?rest_route=\/wp\/v2\/media\/17774"}],"wp:attachment":[{"href":"https:\/\/entretormentas.com\/index.php?rest_route=%2Fwp%2Fv2%2Fmedia&parent=17772"}],"wp:term":[{"taxonomy":"category","embeddable":true,"href":"https:\/\/entretormentas.com\/index.php?rest_route=%2Fwp%2Fv2%2Fcategories&post=17772"},{"taxonomy":"post_tag","embeddable":true,"href":"https:\/\/entretormentas.com\/index.php?rest_route=%2Fwp%2Fv2%2Ftags&post=17772"}],"curies":[{"name":"wp","href":"https:\/\/api.w.org\/{rel}","templated":true}]}}