{"id":17776,"date":"2025-06-10T10:36:05","date_gmt":"2025-06-10T08:36:05","guid":{"rendered":"https:\/\/entretormentas.com\/?p=17776"},"modified":"2025-06-10T10:36:07","modified_gmt":"2025-06-10T08:36:07","slug":"uruguay-venezuela-duelo-clave-y-decisivo-para-ambos-en-las-eliminatorias","status":"publish","type":"post","link":"https:\/\/entretormentas.com\/uruguay-venezuela-duelo-clave-y-decisivo-para-ambos-en-las-eliminatorias\/","title":{"rendered":"URUGUAY-VENEZUELA: Duelo clave y decisivo para ambos en las eliminatorias"},"content":{"rendered":"\n<p><strong>ENTRE TORMENTAS.<\/strong> El partido de Uruguay ante Venezuela el martes atrae la atenci\u00f3n por ser uno que puede marcar el rumbo de ambas selecciones y de otras en la recta final de las eliminatorias sudamericanas de la Copa Mundial de 2026<\/p>\n\n\n\n<p>Se trata de un duelo directo por la clasificaci\u00f3n entre equipos separados por apenas tres puntos y tres fechas por delante, refiere la nota de AP.<\/p>\n\n\n\n<p>\u201cLas eliminatorias son muy parejas y somos conscientes de que tenemos tres partidos para terminar lo m\u00e1s arriba posible\u201d, destac\u00f3 el defensor uruguayo Jos\u00e9 Mar\u00eda Gim\u00e9nez.<\/p>\n\n\n\n<figure class=\"wp-block-image size-large\"><img fetchpriority=\"high\" decoding=\"async\" width=\"1024\" height=\"683\" src=\"https:\/\/entretormentas.com\/wp-content\/uploads\/2025\/06\/uruven1-1024x683.jpg\" alt=\"\" class=\"wp-image-17777\" srcset=\"https:\/\/entretormentas.com\/wp-content\/uploads\/2025\/06\/uruven1-1024x683.jpg 1024w, https:\/\/entretormentas.com\/wp-content\/uploads\/2025\/06\/uruven1-300x200.jpg 300w, https:\/\/entretormentas.com\/wp-content\/uploads\/2025\/06\/uruven1-768x512.jpg 768w, https:\/\/entretormentas.com\/wp-content\/uploads\/2025\/06\/uruven1.jpg 1080w\" sizes=\"(max-width: 1024px) 100vw, 1024px\" \/><\/figure>\n\n\n\n<p>La Celeste recibir\u00e1 a Venezuela en el estadio Centenario en busca de reencontrarse con la victoria y algo m\u00e1s.<\/p>\n\n\n\n<p>Vienen de perder el jueves por 1-0 ante Paraguay para retroceder al quinto puesto de la tabla con 21 puntos. El equipo dirigido por Marcelo Bielsa lleva cuatro partidos seguidos sin ganar.<\/p>\n\n\n\n<p>De ganar la noche del martes, Uruguay dar\u00eda un paso enorme para adue\u00f1arse de una de las seis plazas directas de Sudam\u00e9rica para el Mundial que se jugar\u00e1 en Estados Unidos, M\u00e9xico y Canad\u00e1.<\/p>\n\n\n\n<p>Otros rivales estar\u00e1n remando a favor de la Celeste. Brasil \u2014ocupante de la cuarta posici\u00f3n con 22 puntos \u2014 se beneficiar\u00eda de un triunfo uruguayo al no tener que perder ante Paraguay para certificar su boleto al Mundial. Colombia \u2014sexta con 21 unidades\u2014 tambi\u00e9n estar\u00e1 pendiente del resultado en Montevideo al tocarle una visita ante la l\u00edder Argentina.<\/p>\n\n\n\n<figure class=\"wp-block-image size-full\"><img decoding=\"async\" width=\"677\" height=\"374\" src=\"https:\/\/entretormentas.com\/wp-content\/uploads\/2025\/06\/uruven2.jpg\" alt=\"\" class=\"wp-image-17778\" srcset=\"https:\/\/entretormentas.com\/wp-content\/uploads\/2025\/06\/uruven2.jpg 677w, https:\/\/entretormentas.com\/wp-content\/uploads\/2025\/06\/uruven2-300x166.jpg 300w\" sizes=\"(max-width: 677px) 100vw, 677px\" \/><\/figure>\n\n\n\n<p>Venezuela llega entonada por su victoria de local 2-0 contra Bolivia para afianzarse en la s\u00e9ptima posici\u00f3n. Los venezolanos totalizan 18 puntos, cuatro m\u00e1s que los bolivianos, aferr\u00e1ndose al repechaje intercontinental.<\/p>\n\n\n\n<p>Pero el equipo conducido por el argentino Fernando Batista se anima a escalar. Ganarle a Uruguay le permitir\u00e1 igualarle en puntos.<\/p>\n\n\n\n<p>\u201cVienen tres finales donde no puedes descuidarte, no puedes fallar y nosotros estamos preparados para eso\u201d, se\u00f1al\u00f3 el \u201cBocha\u201d Batista. \u201cQuedan nueve puntos en juego y estamos mentalizados en sacar la mayor cantidad de puntos posible. Despu\u00e9s veremos si es directo o nos toca el repechaje\u201d.<\/p>\n\n\n\n<p>Uruguay ha afrontado esta doble fecha con bajas sensibles, como la del volante Federico Valverde (lesi\u00f3n) y el atacante Darwin N\u00fa\u00f1ez (suspensi\u00f3n).<br><strong><em>ET \/ Agencias<\/em><\/strong><\/p>\n\n\n\n<p><\/p>\n","protected":false},"excerpt":{"rendered":"<p>ENTRE TORMENTAS. El partido de Uruguay ante Venezuela el martes atrae la atenci\u00f3n por ser&#8230;<\/p>\n","protected":false},"author":2,"featured_media":17779,"comment_status":"closed","ping_status":"open","sticky":false,"template":"","format":"standard","meta":{"footnotes":""},"categories":[53],"tags":[],"class_list":["post-17776","post","type-post","status-publish","format-standard","has-post-thumbnail","hentry","category-deportes"],"_links":{"self":[{"href":"https:\/\/entretormentas.com\/index.php?rest_route=\/wp\/v2\/posts\/17776","targetHints":{"allow":["GET"]}}],"collection":[{"href":"https:\/\/entretormentas.com\/index.php?rest_route=\/wp\/v2\/posts"}],"about":[{"href":"https:\/\/entretormentas.com\/index.php?rest_route=\/wp\/v2\/types\/post"}],"author":[{"embeddable":true,"href":"https:\/\/entretormentas.com\/index.php?rest_route=\/wp\/v2\/users\/2"}],"replies":[{"embeddable":true,"href":"https:\/\/entretormentas.com\/index.php?rest_route=%2Fwp%2Fv2%2Fcomments&post=17776"}],"version-history":[{"count":1,"href":"https:\/\/entretormentas.com\/index.php?rest_route=\/wp\/v2\/posts\/17776\/revisions"}],"predecessor-version":[{"id":17780,"href":"https:\/\/entretormentas.com\/index.php?rest_route=\/wp\/v2\/posts\/17776\/revisions\/17780"}],"wp:featuredmedia":[{"embeddable":true,"href":"https:\/\/entretormentas.com\/index.php?rest_route=\/wp\/v2\/media\/17779"}],"wp:attachment":[{"href":"https:\/\/entretormentas.com\/index.php?rest_route=%2Fwp%2Fv2%2Fmedia&parent=17776"}],"wp:term":[{"taxonomy":"category","embeddable":true,"href":"https:\/\/entretormentas.com\/index.php?rest_route=%2Fwp%2Fv2%2Fcategories&post=17776"},{"taxonomy":"post_tag","embeddable":true,"href":"https:\/\/entretormentas.com\/index.php?rest_route=%2Fwp%2Fv2%2Ftags&post=17776"}],"curies":[{"name":"wp","href":"https:\/\/api.w.org\/{rel}","templated":true}]}}