{"id":17788,"date":"2025-06-11T10:13:23","date_gmt":"2025-06-11T08:13:23","guid":{"rendered":"https:\/\/entretormentas.com\/?p=17788"},"modified":"2025-06-11T10:13:23","modified_gmt":"2025-06-11T08:13:23","slug":"en-san-francisco-alcaldia-gestiona-soluciones-al-problema-del-agua-en-el-barrio-el-buen-vivir","status":"publish","type":"post","link":"https:\/\/entretormentas.com\/en-san-francisco-alcaldia-gestiona-soluciones-al-problema-del-agua-en-el-barrio-el-buen-vivir\/","title":{"rendered":"\u00a1EN SAN FRANCISCO! Alcald\u00eda gestiona soluciones al problema del agua en el barrio El Buen Vivir"},"content":{"rendered":"\n<p><strong>ENTRE TORMENTAS. <\/strong>Respondiendo a la solicitud de los vecinos y cumpliendo con la palabra empe\u00f1ada del alcalde Gustavo Fern\u00e1ndez, la Gerencia de Infraestructura, a cargo de Jos\u00e9 Luis Ram\u00edrez, gestion\u00f3 la conexi\u00f3n al servicio de agua potable en el sector El Buen Vivir, de la parroquia Marcial Hern\u00e1ndez, que por muchos a\u00f1os viene padeciendo y solicitando soluci\u00f3n ante la carencia del suministro del vital l\u00edquido.<\/p>\n\n\n\n<p>As\u00ed lo dio a conocer el gerente de Infraestructura, reiterando que el trabajo se realiza por disposici\u00f3n del alcalde Gustavo Fern\u00e1ndez, para responder a una solicitud de la comunidad, y que para estos trabajos, para la acometida de la red de agua se cont\u00f3 con el apoyo de Hidrolago, encargados de la conexi\u00f3n a una tuber\u00eda existente en el sector.<\/p>\n\n\n\n<figure class=\"wp-block-image size-large\"><img fetchpriority=\"high\" decoding=\"async\" width=\"1024\" height=\"723\" src=\"https:\/\/entretormentas.com\/wp-content\/uploads\/2025\/06\/sfagua2-1024x723.jpg\" alt=\"\" class=\"wp-image-17789\" srcset=\"https:\/\/entretormentas.com\/wp-content\/uploads\/2025\/06\/sfagua2-1024x723.jpg 1024w, https:\/\/entretormentas.com\/wp-content\/uploads\/2025\/06\/sfagua2-300x212.jpg 300w, https:\/\/entretormentas.com\/wp-content\/uploads\/2025\/06\/sfagua2-768x542.jpg 768w, https:\/\/entretormentas.com\/wp-content\/uploads\/2025\/06\/sfagua2.jpg 1280w\" sizes=\"(max-width: 1024px) 100vw, 1024px\" \/><\/figure>\n\n\n\n<p>Los vecinos, ante los trabajos iniciados para solucionar el problema, expresaron su agradecimiento, entre ellos<br>H\u00e9ctor Guti\u00e9rrez, quien afirm\u00f3 que es \u201cmuy beneficioso para nosotros que tenemos muchos a\u00f1os sin agua. Siempre tenemos que comprar agua, carreteando. Aqu\u00ed hay un colegio que necesita agua y las viviendas tambi\u00e9n\u201d.<\/p>\n\n\n\n<p>Asegur\u00f3 Guti\u00e9rrez que esta acci\u00f3n representa un alivio a la econom\u00eda familiar, pues \u201cuna pipa la est\u00e1n vendiendo en un d\u00f3lar. En mi casa hay que comprar tres o dos pipas, es demasiado. Esto es m\u00e1s tranquilidad para el pueblo, estamos alegres por lo que est\u00e1n haciendo\u201d y refiri\u00e9ndose al alcalde Gustavo Fern\u00e1ndez, expres\u00f3 \u201cme alegra por lo que est\u00e1 haciendo, siga as\u00ed, apoyando al pueblo, el pueblo lo apoya a \u00e9l\u201d.<\/p>\n\n\n\n<figure class=\"wp-block-image size-large\"><img decoding=\"async\" width=\"1024\" height=\"638\" src=\"https:\/\/entretormentas.com\/wp-content\/uploads\/2025\/06\/sfagua3-1024x638.jpg\" alt=\"\" class=\"wp-image-17790\" srcset=\"https:\/\/entretormentas.com\/wp-content\/uploads\/2025\/06\/sfagua3-1024x638.jpg 1024w, https:\/\/entretormentas.com\/wp-content\/uploads\/2025\/06\/sfagua3-300x187.jpg 300w, https:\/\/entretormentas.com\/wp-content\/uploads\/2025\/06\/sfagua3-768x479.jpg 768w, https:\/\/entretormentas.com\/wp-content\/uploads\/2025\/06\/sfagua3-400x250.jpg 400w, https:\/\/entretormentas.com\/wp-content\/uploads\/2025\/06\/sfagua3.jpg 1280w\" sizes=\"(max-width: 1024px) 100vw, 1024px\" \/><\/figure>\n\n\n\n<p>\u201cEste trabajo que est\u00e1 haciendo la alcald\u00eda de San Francisco con nuestro alcalde Gustavo Fern\u00e1ndez va a ser un \u00e9xito\u201d, dijo Carlos Parra, otro vecino de El Buen Vivir, quien dijo que son muchas las necesidades en la comunidad que lleva m\u00e1s de 25 a\u00f1os sin agua. \u201cCon este trabajo gracias al alcalde, podremos agarrar, aunque sea un poquito de agua. Gracias Gustavo Fern\u00e1ndez, eso es lo que est\u00e1bamos esperando: soluciones\u201d, concluy\u00f3.<br><strong><em>ET \/ Alcald\u00eda de San Francisco<\/em><\/strong><\/p>\n","protected":false},"excerpt":{"rendered":"<p>ENTRE TORMENTAS. Respondiendo a la solicitud de los vecinos y cumpliendo con la palabra empe\u00f1ada&#8230;<\/p>\n","protected":false},"author":2,"featured_media":17791,"comment_status":"closed","ping_status":"open","sticky":false,"template":"","format":"standard","meta":{"footnotes":""},"categories":[57,1],"tags":[],"class_list":["post-17788","post","type-post","status-publish","format-standard","has-post-thumbnail","hentry","category-actualidad","category-regionales"],"_links":{"self":[{"href":"https:\/\/entretormentas.com\/index.php?rest_route=\/wp\/v2\/posts\/17788","targetHints":{"allow":["GET"]}}],"collection":[{"href":"https:\/\/entretormentas.com\/index.php?rest_route=\/wp\/v2\/posts"}],"about":[{"href":"https:\/\/entretormentas.com\/index.php?rest_route=\/wp\/v2\/types\/post"}],"author":[{"embeddable":true,"href":"https:\/\/entretormentas.com\/index.php?rest_route=\/wp\/v2\/users\/2"}],"replies":[{"embeddable":true,"href":"https:\/\/entretormentas.com\/index.php?rest_route=%2Fwp%2Fv2%2Fcomments&post=17788"}],"version-history":[{"count":1,"href":"https:\/\/entretormentas.com\/index.php?rest_route=\/wp\/v2\/posts\/17788\/revisions"}],"predecessor-version":[{"id":17792,"href":"https:\/\/entretormentas.com\/index.php?rest_route=\/wp\/v2\/posts\/17788\/revisions\/17792"}],"wp:featuredmedia":[{"embeddable":true,"href":"https:\/\/entretormentas.com\/index.php?rest_route=\/wp\/v2\/media\/17791"}],"wp:attachment":[{"href":"https:\/\/entretormentas.com\/index.php?rest_route=%2Fwp%2Fv2%2Fmedia&parent=17788"}],"wp:term":[{"taxonomy":"category","embeddable":true,"href":"https:\/\/entretormentas.com\/index.php?rest_route=%2Fwp%2Fv2%2Fcategories&post=17788"},{"taxonomy":"post_tag","embeddable":true,"href":"https:\/\/entretormentas.com\/index.php?rest_route=%2Fwp%2Fv2%2Ftags&post=17788"}],"curies":[{"name":"wp","href":"https:\/\/api.w.org\/{rel}","templated":true}]}}