{"id":17793,"date":"2025-06-11T10:17:14","date_gmt":"2025-06-11T08:17:14","guid":{"rendered":"https:\/\/entretormentas.com\/?p=17793"},"modified":"2025-06-11T10:17:14","modified_gmt":"2025-06-11T08:17:14","slug":"precios-subsidiados-comunidades-de-el-marite-reciben-la-feria-alimentaria-del-sol-de-la-alcaldia","status":"publish","type":"post","link":"https:\/\/entretormentas.com\/precios-subsidiados-comunidades-de-el-marite-reciben-la-feria-alimentaria-del-sol-de-la-alcaldia\/","title":{"rendered":"\u00a1PRECIOS SUBSIDIADOS! Comunidades de El Marite reciben la Feria Alimentaria del Sol de la Alcald\u00eda"},"content":{"rendered":"\n<p><strong>ENTRE TORMENTAS. <\/strong>Desde las 9:00 de la ma\u00f1ana, la cola avanza r\u00e1pidamente y uno por uno los vecinos del sector El Marite, parroquia Venancio Pulgar, entran con cesta en mano a la cancha del barrio Modelo para comprar en la Feria Alimentaria del Sol, tra\u00edda por la Alcald\u00eda de Maracaibo a su zona, a trav\u00e9s de la Direcci\u00f3n de Alimentaci\u00f3n y la Fundaci\u00f3n Fondo de Apoyo a la Econom\u00eda Popular (FUNDEPO).<\/p>\n\n\n\n<p>Los vecinos de los barrios Modelo, 12 de Marzo y El Sitio escogen entre una gran variedad de art\u00edculos y ofertas, seleccionando los productos que llevaran a sus hogares. Esta es la Feria Alimentaria del Sol n\u00famero 28 en la que se ofreci\u00f3 un total de 5 toneladas de alimentos y productos de primera calidad a bajo costo, as\u00ed lo inform\u00f3 Adri\u00e1n Romero Mart\u00ednez, alcalde encargado de Maracaibo.<\/p>\n\n\n\n<figure class=\"wp-block-image size-large\"><img fetchpriority=\"high\" decoding=\"async\" width=\"1024\" height=\"683\" src=\"https:\/\/entretormentas.com\/wp-content\/uploads\/2025\/06\/feria2-1024x683.jpg\" alt=\"\" class=\"wp-image-17794\" srcset=\"https:\/\/entretormentas.com\/wp-content\/uploads\/2025\/06\/feria2-1024x683.jpg 1024w, https:\/\/entretormentas.com\/wp-content\/uploads\/2025\/06\/feria2-300x200.jpg 300w, https:\/\/entretormentas.com\/wp-content\/uploads\/2025\/06\/feria2-768x512.jpg 768w, https:\/\/entretormentas.com\/wp-content\/uploads\/2025\/06\/feria2.jpg 1280w\" sizes=\"(max-width: 1024px) 100vw, 1024px\" \/><\/figure>\n\n\n\n<p>En esta ocasi\u00f3n, seg\u00fan precis\u00f3 el director de Alimentaci\u00f3n, Rafael Viloria, alrededor de 500 familias fueron beneficiadas durante el mercado. Una de esas vecinas es Nelly Matos, ama de casa de 31 a\u00f1os del barrio 12 de Marzo, quien afirma que prefiere las Ferias Alimentarias del Sol porque \u201ctodo cuesta menos y rinde mucho m\u00e1s\u201d. Record\u00f3 que siempre que la municipalidad realiza estas jornadas en el cercano sector Jos\u00e9 F\u00e9lix Ribas, ella aprovecha y compra aprovechando el descuento.<\/p>\n\n\n\n<p>Asimismo, confirm\u00f3 que en su zona los abastos cobran m\u00e1s caro y no hay supermercados cercanos. \u201cLas tienditas se aprovechan. Si uno quiere algo m\u00e1s econ\u00f3mico tiene que irse hasta el centro, gastar pasaje y tiempo\u201d, se\u00f1al\u00f3 Nelly al tiempo que asegur\u00f3 que ir al centro significa dedicar casi todo el d\u00eda por lo lejos queda, pero que no queda m\u00e1s que hacer porque \u201chay que buscar las maneras\u201d.<\/p>\n\n\n\n<p>Nelly destac\u00f3, adem\u00e1s, la facilidad de compra que le proporcionan estas jornadas. \u201cEl arroz lo consegu\u00ed un poco m\u00e1s barato que donde yo usualmente lo compro, lo mismo con la harina y el aceite, pero es buen\u00edsimo porque tambi\u00e9n me ahorr\u00e9 lo que cuesta el pasaje y no tuve que irme muy lejos si yo vivo aqu\u00ed mismo. Ojal\u00e1 estas ferias las hagan con m\u00e1s frecuencia porque yo tengo hijos peque\u00f1os, y tengo de comprar pa\u00f1ales, leche y lo que me pueda ahorrar, gloria a Dios. Aqu\u00ed siempre consigo buenos precios, marcas buenas y facilidad de compra\u201d.<\/p>\n\n\n\n<p>Yuvania Acosta, ama de casa de 50 a\u00f1os del barrio Modelo, confirm\u00f3 lo relatado por Nelly, ya que para ella y sus vecinas, que tienen a\u00f1os comprando en bodegas con precios inflados, jornadas como esta representan \u201cun alivio\u201d. Calific\u00f3 los mercados como \u201cprovechosos\u201d porque as\u00ed no tienen que trasladarse largas distancias para conseguir mejores precios. \u201cAqu\u00ed lo m\u00e1s cerca es la Curva, es el sitio donde los precios son m\u00e1s accesibles, pero igual hay que pagar pasaje\u201d.<\/p>\n\n\n\n<figure class=\"wp-block-image size-large\"><img decoding=\"async\" width=\"1024\" height=\"683\" src=\"https:\/\/entretormentas.com\/wp-content\/uploads\/2025\/06\/feria3-1024x683.jpg\" alt=\"\" class=\"wp-image-17795\" srcset=\"https:\/\/entretormentas.com\/wp-content\/uploads\/2025\/06\/feria3-1024x683.jpg 1024w, https:\/\/entretormentas.com\/wp-content\/uploads\/2025\/06\/feria3-300x200.jpg 300w, https:\/\/entretormentas.com\/wp-content\/uploads\/2025\/06\/feria3-768x512.jpg 768w, https:\/\/entretormentas.com\/wp-content\/uploads\/2025\/06\/feria3.jpg 1280w\" sizes=\"(max-width: 1024px) 100vw, 1024px\" \/><\/figure>\n\n\n\n<p>Acosta destac\u00f3 los buenos precios de la prote\u00edna y la calidad de los productos. \u201cLa mayor diferencia que veo es el salado, el pollo, la mortadela y los huevos que siempre est\u00e1n m\u00e1s baratos que en cualquier otro lado\u201d.<\/p>\n\n\n\n<p>Con 28 ferias, las Ferias Alimentarias del Sol llegaron a las 18 parroquias con \u00e9nfasis en las del oeste de la ciudad. Totalizando m\u00e1s de 200 toneladas de alimentos vendidos, entre los cuales destaca la prote\u00edna de calidad y a buen precio<\/p>\n\n\n\n<p>Las Ferias Alimentarias del Sol han estado este a\u00f1o cuatro veces en Idelfonso V\u00e1squez, tres en Francisco Eugenio Bustamante, y dos en cada una de las parroquias Antonio Borjas Romero, San Isidro, Luis Hurtado Higuera, Cristo de Aranza y Venancio Pulgar. Adem\u00e1s, ya estuvieron una vez en Manuel Dagnino, Cacique Mara, Coquivacoa, Caracciolo Parra P\u00e9rez, Cecilio Acosta, Olegario Villalobos, Chiquinquir\u00e1 y Bol\u00edvar.<\/p>\n\n\n\n<p>Se espera que a finales de junio, las jornadas lleguen a 33 en total beneficiando a m\u00e1s de 20 mil familias.<br><strong><em>ET \/ DCI Alcald\u00eda de Maracaibo<\/em><\/strong><\/p>\n\n\n\n<p><\/p>\n","protected":false},"excerpt":{"rendered":"<p>ENTRE TORMENTAS. Desde las 9:00 de la ma\u00f1ana, la cola avanza r\u00e1pidamente y uno por&#8230;<\/p>\n","protected":false},"author":2,"featured_media":17796,"comment_status":"closed","ping_status":"open","sticky":false,"template":"","format":"standard","meta":{"footnotes":""},"categories":[57,1],"tags":[],"class_list":["post-17793","post","type-post","status-publish","format-standard","has-post-thumbnail","hentry","category-actualidad","category-regionales"],"_links":{"self":[{"href":"https:\/\/entretormentas.com\/index.php?rest_route=\/wp\/v2\/posts\/17793","targetHints":{"allow":["GET"]}}],"collection":[{"href":"https:\/\/entretormentas.com\/index.php?rest_route=\/wp\/v2\/posts"}],"about":[{"href":"https:\/\/entretormentas.com\/index.php?rest_route=\/wp\/v2\/types\/post"}],"author":[{"embeddable":true,"href":"https:\/\/entretormentas.com\/index.php?rest_route=\/wp\/v2\/users\/2"}],"replies":[{"embeddable":true,"href":"https:\/\/entretormentas.com\/index.php?rest_route=%2Fwp%2Fv2%2Fcomments&post=17793"}],"version-history":[{"count":1,"href":"https:\/\/entretormentas.com\/index.php?rest_route=\/wp\/v2\/posts\/17793\/revisions"}],"predecessor-version":[{"id":17797,"href":"https:\/\/entretormentas.com\/index.php?rest_route=\/wp\/v2\/posts\/17793\/revisions\/17797"}],"wp:featuredmedia":[{"embeddable":true,"href":"https:\/\/entretormentas.com\/index.php?rest_route=\/wp\/v2\/media\/17796"}],"wp:attachment":[{"href":"https:\/\/entretormentas.com\/index.php?rest_route=%2Fwp%2Fv2%2Fmedia&parent=17793"}],"wp:term":[{"taxonomy":"category","embeddable":true,"href":"https:\/\/entretormentas.com\/index.php?rest_route=%2Fwp%2Fv2%2Fcategories&post=17793"},{"taxonomy":"post_tag","embeddable":true,"href":"https:\/\/entretormentas.com\/index.php?rest_route=%2Fwp%2Fv2%2Ftags&post=17793"}],"curies":[{"name":"wp","href":"https:\/\/api.w.org\/{rel}","templated":true}]}}