{"id":17798,"date":"2025-06-11T10:20:58","date_gmt":"2025-06-11T08:20:58","guid":{"rendered":"https:\/\/entretormentas.com\/?p=17798"},"modified":"2025-06-11T10:20:59","modified_gmt":"2025-06-11T08:20:59","slug":"recogen-750-toneladas-diarias-en-todo-el-municipio-alcaldia-de-san-francisco-lleva-recoleccion-domiciliaria-de-desechos-a-los-cortijos","status":"publish","type":"post","link":"https:\/\/entretormentas.com\/recogen-750-toneladas-diarias-en-todo-el-municipio-alcaldia-de-san-francisco-lleva-recoleccion-domiciliaria-de-desechos-a-los-cortijos\/","title":{"rendered":"\u00a1RECOGEN 750 TONELADAS DIARIAS EN TODO EL MUNICIPIO! Alcaldia de San Francisco lleva recolecci\u00f3n domiciliaria de desechos a Los Cortijos"},"content":{"rendered":"\n<p><strong>ENTRE TORMENTAS. <\/strong>El plan de recolecci\u00f3n domiciliaria de desechos s\u00f3lidos que implementa el Instituto P\u00fablico de Ambiente y Aseo Urbano (Imasur) de la alcald\u00eda de San Francisco, l\u00edderada por el alcalde Gustavo Fern\u00e1ndez, atiende diariamente a los vecinos de la parroquia Los Cortijos, con lo que se increment\u00f3 no solo el trabajo, sino adem\u00e1s las toneladas de basura que se recolectan diariamente en el municipio.<\/p>\n\n\n\n<figure class=\"wp-block-image size-large\"><img fetchpriority=\"high\" decoding=\"async\" width=\"1024\" height=\"727\" src=\"https:\/\/entretormentas.com\/wp-content\/uploads\/2025\/06\/loscortijos2-1024x727.jpg\" alt=\"\" class=\"wp-image-17799\" srcset=\"https:\/\/entretormentas.com\/wp-content\/uploads\/2025\/06\/loscortijos2-1024x727.jpg 1024w, https:\/\/entretormentas.com\/wp-content\/uploads\/2025\/06\/loscortijos2-300x213.jpg 300w, https:\/\/entretormentas.com\/wp-content\/uploads\/2025\/06\/loscortijos2-768x545.jpg 768w, https:\/\/entretormentas.com\/wp-content\/uploads\/2025\/06\/loscortijos2.jpg 1280w\" sizes=\"(max-width: 1024px) 100vw, 1024px\" \/><\/figure>\n\n\n\n<p>El director de Aseo Urbano, Javier Solano, inform\u00f3 que ahora se recolectan 750 toneladas diariamente de desechos, en todo San Francisco, con la extensi\u00f3n del trabajo a otros sectores que no se hab\u00edan podido agregar al plan del servicio domiciliario. \u201cEstamos desplegados en todo el municipio con el servicio de aseo urbano, como lo hacemos en el sector Roberto Trujillo I y II de Los Cortijos, sectores a los que les toca el servicio todos los lunes\u201d, dijo Solano al exhortar \u201chacemos un llamado a los vecinos para que coloquen sus desechos en el frente de sus viviendas, y que eviten llevar basura a sitios no autorizados\u201d.<\/p>\n\n\n\n<p>\u201cEstamos llevando el servicio casa a casa, en todos sectores de Los Cortijos, con la utilizaci\u00f3n de camiones compactadores, volteos o de estacas, pero los estamos atendiendo 100%\u201d, refiri\u00f3 el director de Aseo Urbano y Domiciliario, al explicar que el trabajo se hace en toda la parroquia con el establecimiento de rutas rotativas por los diferentes sectores de la misma, con d\u00edas fijos para el servicio domiciliario, que va acompa\u00f1ada de campa\u00f1as de sensibilizaci\u00f3n dirigidas a la comunidad, sobre el adecuado almacenamiento y disposici\u00f3n de los desechos s\u00f3lidos.<\/p>\n\n\n\n<figure class=\"wp-block-image size-large\"><img decoding=\"async\" width=\"1024\" height=\"756\" src=\"https:\/\/entretormentas.com\/wp-content\/uploads\/2025\/06\/loscortijos3-1024x756.jpg\" alt=\"\" class=\"wp-image-17800\" srcset=\"https:\/\/entretormentas.com\/wp-content\/uploads\/2025\/06\/loscortijos3-1024x756.jpg 1024w, https:\/\/entretormentas.com\/wp-content\/uploads\/2025\/06\/loscortijos3-300x221.jpg 300w, https:\/\/entretormentas.com\/wp-content\/uploads\/2025\/06\/loscortijos3-768x567.jpg 768w, https:\/\/entretormentas.com\/wp-content\/uploads\/2025\/06\/loscortijos3.jpg 1280w\" sizes=\"(max-width: 1024px) 100vw, 1024px\" \/><\/figure>\n\n\n\n<p>Los vecinos expresaron su satisfacci\u00f3n y agradecimiento con este servicio, como la se\u00f1ora Ya\u00eds Berm\u00fadez, vecina del sector Roberto Trujillo, quien manifest\u00f3, \u201cgracias por la manera en que est\u00e1n recogiendo los desechos, porque ten\u00edamos mucho tiempo que por aqu\u00ed no recog\u00edan la basura\u201d, se\u00f1alando que \u201cla idea no es lanzarlos a la calle, como todos ven\u00edamos<br>haci\u00e9ndolo. Porque no ten\u00edamos que hacer con la basura\u201d y concluy\u00f3 \u201cagradezco al alcalde Gustavo Fern\u00e1ndez por esta labor que viene haciendo\u201d.<\/p>\n\n\n\n<p>Por su parte el se\u00f1or Rafael Arteaga, dijo estar \u201cagradecido con el servicio del aseo. Doy gracias al alcalde, espero que lo siga haciendo as\u00ed, Dios lo premiar\u00e1. Se est\u00e1 viendo bastante mejor\u00eda, espero siempre siga as\u00ed\u201d. Y la se\u00f1ora Arelis Prieto, coment\u00f3 \u201cten\u00edamos muchos a\u00f1os que no nos ven\u00eda el aseo, estamos muy conformes con el trabajo que viene haciendo el alcalde. Est\u00e1 cumpliendo\u201d. Y agradeci\u00f3 \u201cse\u00f1or alcalde siga trabajando, yo estoy muy agradecida. Siga para adelante\u201d.<br><strong><em>ET \/ Alcald\u00eda de San Francisco<\/em><\/strong><\/p>\n","protected":false},"excerpt":{"rendered":"<p>ENTRE TORMENTAS. El plan de recolecci\u00f3n domiciliaria de desechos s\u00f3lidos que implementa el Instituto P\u00fablico&#8230;<\/p>\n","protected":false},"author":2,"featured_media":17801,"comment_status":"closed","ping_status":"open","sticky":false,"template":"","format":"standard","meta":{"footnotes":""},"categories":[57,1],"tags":[],"class_list":["post-17798","post","type-post","status-publish","format-standard","has-post-thumbnail","hentry","category-actualidad","category-regionales"],"_links":{"self":[{"href":"https:\/\/entretormentas.com\/index.php?rest_route=\/wp\/v2\/posts\/17798","targetHints":{"allow":["GET"]}}],"collection":[{"href":"https:\/\/entretormentas.com\/index.php?rest_route=\/wp\/v2\/posts"}],"about":[{"href":"https:\/\/entretormentas.com\/index.php?rest_route=\/wp\/v2\/types\/post"}],"author":[{"embeddable":true,"href":"https:\/\/entretormentas.com\/index.php?rest_route=\/wp\/v2\/users\/2"}],"replies":[{"embeddable":true,"href":"https:\/\/entretormentas.com\/index.php?rest_route=%2Fwp%2Fv2%2Fcomments&post=17798"}],"version-history":[{"count":1,"href":"https:\/\/entretormentas.com\/index.php?rest_route=\/wp\/v2\/posts\/17798\/revisions"}],"predecessor-version":[{"id":17802,"href":"https:\/\/entretormentas.com\/index.php?rest_route=\/wp\/v2\/posts\/17798\/revisions\/17802"}],"wp:featuredmedia":[{"embeddable":true,"href":"https:\/\/entretormentas.com\/index.php?rest_route=\/wp\/v2\/media\/17801"}],"wp:attachment":[{"href":"https:\/\/entretormentas.com\/index.php?rest_route=%2Fwp%2Fv2%2Fmedia&parent=17798"}],"wp:term":[{"taxonomy":"category","embeddable":true,"href":"https:\/\/entretormentas.com\/index.php?rest_route=%2Fwp%2Fv2%2Fcategories&post=17798"},{"taxonomy":"post_tag","embeddable":true,"href":"https:\/\/entretormentas.com\/index.php?rest_route=%2Fwp%2Fv2%2Ftags&post=17798"}],"curies":[{"name":"wp","href":"https:\/\/api.w.org\/{rel}","templated":true}]}}