{"id":17803,"date":"2025-06-11T10:23:26","date_gmt":"2025-06-11T08:23:26","guid":{"rendered":"https:\/\/entretormentas.com\/?p=17803"},"modified":"2025-06-11T10:23:47","modified_gmt":"2025-06-11T08:23:47","slug":"exhorto-vicepresidenta-del-mas-pide-al-cne-revisar-el-cronograma-electoral-para-las-elecciones-del-27-j","status":"publish","type":"post","link":"https:\/\/entretormentas.com\/exhorto-vicepresidenta-del-mas-pide-al-cne-revisar-el-cronograma-electoral-para-las-elecciones-del-27-j\/","title":{"rendered":"\u00a1EXHORTO! Vicepresidenta del MAS pide al CNE revisar el cronograma electoral para las elecciones del 27-J"},"content":{"rendered":"\n<p><strong>ENTRE TORMENTAS. <\/strong>La vicepresidenta nacional del MAS, Mar\u00eda Verdeal, se expres\u00f3 en torno a las elecciones municipales anunciadas por el Consejo Nacional Electoral (CNE) para el pr\u00f3ximo 27 de julio, se\u00f1alando que el proceso convocado no respeta los tiempos establecidos en la normativa legal vigente.<\/p>\n\n\n\n<p>Indic\u00f3 que pesar que desde el MAS se llamar\u00e1 a participar en el proceso electoral, tambi\u00e9n es necesario exigirle al \u00f3rgano rector que rectifique y eval\u00fae los lapsos establecidos en el cronograma electoral.<\/p>\n\n\n\n<p>La dirigente pol\u00edtica expres\u00f3 que aun cuando el sentimiento de cambio est\u00e1 presente en los venezolanos, la desesperanza, la situaci\u00f3n pa\u00eds y los llamados abstencionistas por sectores radicales, podr\u00eda influir en una baja participaci\u00f3n electoral, incluso cuando las elecciones de alcaldes \u201csuelen ser m\u00e1s votadas por el v\u00ednculo m\u00e1s directo con el ciudadano\u201d.<\/p>\n\n\n\n<p>Verdeal tambi\u00e9n se refiri\u00f3 al aumento inesperado del 50% sobre el precio de la gasolina dolarizada en el pa\u00eds, indicando que aplicar esta medida en una econom\u00eda tan golpeada como la de Venezuela afectar\u00e1 directamente a los sectores m\u00e1s vulnerables, ya que esto repercutir\u00e1 en el transporte, en la distribuci\u00f3n de alimentos y en una cadena de hechos incalculados.<\/p>\n\n\n\n<p>\u201cDue\u00f1os de bombas de gasolina dolarizada o internacional, como se denominan, han manifestado que desde el viernes tienen la informaci\u00f3n de PDVSA donde van a acudir a los diferentes expendios de gasolina para ajustar las m\u00e1quinas al nuevo precio que es de 0.75\u202f$\u201d.<\/p>\n\n\n\n<p>Agreg\u00f3 que, sumado a la medida del combustible, se debe resaltar las acciones que se han tomado en una econom\u00eda no dolarizada contra el d\u00f3lar no oficial o paralelo, se\u00f1alando que con garrotes o decretos se pretende controlar la econom\u00eda sin tener acciones puntuales en lo que es el modelo econ\u00f3mico del pa\u00eds.<\/p>\n\n\n\n<p>A\u00f1adi\u00f3 que todas estas medidas lo que han generado es el aumento de precios en los productos y tensi\u00f3n en los ciudadanos por la crisis econ\u00f3mica y social, la cual a su juicio, no es atendida por el Estado venezolano.<\/p>\n\n\n\n<p>Explic\u00f3 que mientras no haya la suficiente inyecci\u00f3n de d\u00f3lares por parte del Banco Central de Venezuela (BCV) a la banca nacional, seguir\u00e1n los problemas, puesto que no hay suficiente disponibilidad de d\u00f3lares en el mercado.<\/p>\n\n\n\n<p>Por \u00faltimo, la representante de la tolda naranja rechaz\u00f3 la violencia pol\u00edtica en Colombia luego del atentado contra el candidato presidencial Miguel Uribe Turbay, expresando solidaridad para sus familiares y el pueblo colombiano.<\/p>\n\n\n\n<p>\u201cEsos hechos dantescos son reprochables en el ejercicio de la pol\u00edtica y en cualquier otra situaci\u00f3n\u201d, finaliz\u00f3.<br><strong><em>ET \/ Prensa MAS<\/em><\/strong><\/p>\n\n\n\n<p><\/p>\n","protected":false},"excerpt":{"rendered":"<p>ENTRE TORMENTAS. La vicepresidenta nacional del MAS, Mar\u00eda Verdeal, se expres\u00f3 en torno a las&#8230;<\/p>\n","protected":false},"author":2,"featured_media":17804,"comment_status":"closed","ping_status":"open","sticky":false,"template":"","format":"standard","meta":{"footnotes":""},"categories":[56,49],"tags":[],"class_list":["post-17803","post","type-post","status-publish","format-standard","has-post-thumbnail","hentry","category-destacadas","category-nacionales"],"_links":{"self":[{"href":"https:\/\/entretormentas.com\/index.php?rest_route=\/wp\/v2\/posts\/17803","targetHints":{"allow":["GET"]}}],"collection":[{"href":"https:\/\/entretormentas.com\/index.php?rest_route=\/wp\/v2\/posts"}],"about":[{"href":"https:\/\/entretormentas.com\/index.php?rest_route=\/wp\/v2\/types\/post"}],"author":[{"embeddable":true,"href":"https:\/\/entretormentas.com\/index.php?rest_route=\/wp\/v2\/users\/2"}],"replies":[{"embeddable":true,"href":"https:\/\/entretormentas.com\/index.php?rest_route=%2Fwp%2Fv2%2Fcomments&post=17803"}],"version-history":[{"count":1,"href":"https:\/\/entretormentas.com\/index.php?rest_route=\/wp\/v2\/posts\/17803\/revisions"}],"predecessor-version":[{"id":17805,"href":"https:\/\/entretormentas.com\/index.php?rest_route=\/wp\/v2\/posts\/17803\/revisions\/17805"}],"wp:featuredmedia":[{"embeddable":true,"href":"https:\/\/entretormentas.com\/index.php?rest_route=\/wp\/v2\/media\/17804"}],"wp:attachment":[{"href":"https:\/\/entretormentas.com\/index.php?rest_route=%2Fwp%2Fv2%2Fmedia&parent=17803"}],"wp:term":[{"taxonomy":"category","embeddable":true,"href":"https:\/\/entretormentas.com\/index.php?rest_route=%2Fwp%2Fv2%2Fcategories&post=17803"},{"taxonomy":"post_tag","embeddable":true,"href":"https:\/\/entretormentas.com\/index.php?rest_route=%2Fwp%2Fv2%2Ftags&post=17803"}],"curies":[{"name":"wp","href":"https:\/\/api.w.org\/{rel}","templated":true}]}}