{"id":17809,"date":"2025-06-11T10:30:15","date_gmt":"2025-06-11T08:30:15","guid":{"rendered":"https:\/\/entretormentas.com\/?p=17809"},"modified":"2025-06-11T10:30:15","modified_gmt":"2025-06-11T08:30:15","slug":"violencia-desatada-al-menos-ocho-muertos-y-decenas-de-heridos-tras-19-atentados-en-colombia","status":"publish","type":"post","link":"https:\/\/entretormentas.com\/violencia-desatada-al-menos-ocho-muertos-y-decenas-de-heridos-tras-19-atentados-en-colombia\/","title":{"rendered":"\u00a1VIOLENCIA DESATADA! Al menos ocho muertos y decenas de heridos tras 19 atentados en Colombia"},"content":{"rendered":"\n<p><strong>ENTRE TORMENTAS. <\/strong>Al menos ocho personas murieron este martes en una ofensiva violenta en el suroeste de Colombia, donde 19 atentados con explosivos y hostigamientos armados sacudieron los departamentos de Cauca y Valle del Cauca, seg\u00fan informaron las autoridades, inform\u00f3 EFE.<\/p>\n\n\n\n<p>El Ministerio de Defensa consider\u00f3 los ataques como \u00abuna reacci\u00f3n desesperada de los grupos armados ilegales ante las operaciones contundentes de la fuerza p\u00fablica, que han golpeado sus estructuras y econom\u00edas il\u00edcitas\u00bb.<\/p>\n\n\n\n<figure class=\"wp-block-image size-full\"><img fetchpriority=\"high\" decoding=\"async\" width=\"1000\" height=\"630\" src=\"https:\/\/entretormentas.com\/wp-content\/uploads\/2025\/06\/crisis2.jpg\" alt=\"\" class=\"wp-image-17810\" srcset=\"https:\/\/entretormentas.com\/wp-content\/uploads\/2025\/06\/crisis2.jpg 1000w, https:\/\/entretormentas.com\/wp-content\/uploads\/2025\/06\/crisis2-300x189.jpg 300w, https:\/\/entretormentas.com\/wp-content\/uploads\/2025\/06\/crisis2-768x484.jpg 768w, https:\/\/entretormentas.com\/wp-content\/uploads\/2025\/06\/crisis2-540x340.jpg 540w\" sizes=\"(max-width: 1000px) 100vw, 1000px\" \/><\/figure>\n\n\n\n<p>En total fueron registrados siete atentados en el Valle del Cauca y doce en el Cauca que se cobraron la vida de dos polic\u00edas, uno asesinado por un francotirador en el municipio de Caloto y otro por la explosi\u00f3n de un autob\u00fas bomba en el peaje de Villa Rica.<\/p>\n\n\n\n<p>En esos departamentos tienen presencia las disidencias de las extintas FARC, bandas herederas del paramilitarismo y el Ej\u00e9rcito de Liberaci\u00f3n Nacional (ELN), el mayor grupo guerrillero de izquierda activo en el pa\u00eds.<\/p>\n\n\n\n<p>Tambi\u00e9n hubo varias explosiones de carros bomba en los municipios de Corinto y El Bordo que, en principio, se inform\u00f3 que no dejaron v\u00edctimas, pero finalmente los reportes m\u00e9dicos confirmaron el fallecimiento de una mujer de 32 a\u00f1os y da\u00f1os a edificaciones p\u00fablicas, viviendas y puestos policiales.<\/p>\n\n\n\n<p>En esos departamentos tienen presencia las disidencias de las extintas FARC, bandas herederas del paramilitarismo y el Ej\u00e9rcito de Liberaci\u00f3n Nacional (ELN), el mayor grupo guerrillero de izquierda activo en el pa\u00eds.<\/p>\n\n\n\n<p>Tambi\u00e9n hubo varias explosiones de carros bomba en los municipios de Corinto y El Bordo que, en principio, se inform\u00f3 que no dejaron v\u00edctimas, pero finalmente los reportes m\u00e9dicos confirmaron el fallecimiento de una mujer de 32 a\u00f1os y da\u00f1os a edificaciones p\u00fablicas, viviendas y puestos policiales.<\/p>\n\n\n\n<figure class=\"wp-block-image size-full\"><img decoding=\"async\" width=\"677\" height=\"374\" src=\"https:\/\/entretormentas.com\/wp-content\/uploads\/2025\/06\/crisis3.jpg\" alt=\"\" class=\"wp-image-17811\" srcset=\"https:\/\/entretormentas.com\/wp-content\/uploads\/2025\/06\/crisis3.jpg 677w, https:\/\/entretormentas.com\/wp-content\/uploads\/2025\/06\/crisis3-300x166.jpg 300w\" sizes=\"(max-width: 677px) 100vw, 677px\" \/><\/figure>\n\n\n\n<p><strong>CINCO MUERTOS EN CALI Y JAMUND\u00cd<\/strong><br>En el departamento del Valle del Cauca, cinco personas fallecieron en tres puntos distintos de Cali, la capital del departamento: una en el barrio Mel\u00e9ndez, otra en el sector de Los Mangos y tres civiles en el caser\u00edo de Guachinte, en el municipio de Jamund\u00ed.<\/p>\n\n\n\n<p>Estas explosiones ocurrieron tras detonar bombas colocadas en motocicletas y barreras de se\u00f1alizaci\u00f3n vial, seg\u00fan las autoridades locales.<\/p>\n\n\n\n<p>En total, los atentados dejaron m\u00e1s de 40 heridos en distintos municipios de los dos departamentos y se le atribuyeron a las disidencias de las FARC que comanda alias \u2018Iv\u00e1n Mordisco\u2019, uno de los principales jefes del Estado Mayor Central (EMC), la facci\u00f3n m\u00e1s poderosa de las disidencias de las FARC en Colombia.<\/p>\n\n\n\n<p>La cl\u00ednica cale\u00f1a Fundaci\u00f3n Valle del Lili, que recibi\u00f3 a 21 heridos \u2014entre ellos ocho en estado cr\u00edtico\u2014 advirti\u00f3 adem\u00e1s que enfrenta una sobreocupaci\u00f3n del 300 % en su servicio de urgencias y pidi\u00f3 al Gobierno activar la red de alta complejidad, ante lo que la Secretar\u00eda de Salud del Valle del Cauca emiti\u00f3 una alerta naranja.<\/p>\n\n\n\n<p>\u00abAnte la magnitud de los hechos, la Secretar\u00eda de Salud ha emitido alerta hospitalaria a toda la red p\u00fablica y privada de la ciudad, activando bancos de sangre y el transporte especial de pacientes, con el objetivo de garantizar una atenci\u00f3n adecuada a los afectados\u00bb, dijo esa entidad en un comunicado.<\/p>\n\n\n\n<figure class=\"wp-block-image size-large\"><img decoding=\"async\" width=\"1024\" height=\"1024\" src=\"https:\/\/entretormentas.com\/wp-content\/uploads\/2025\/06\/crisis4-1024x1024.jpg\" alt=\"\" class=\"wp-image-17812\" srcset=\"https:\/\/entretormentas.com\/wp-content\/uploads\/2025\/06\/crisis4-1024x1024.jpg 1024w, https:\/\/entretormentas.com\/wp-content\/uploads\/2025\/06\/crisis4-300x300.jpg 300w, https:\/\/entretormentas.com\/wp-content\/uploads\/2025\/06\/crisis4-150x150.jpg 150w, https:\/\/entretormentas.com\/wp-content\/uploads\/2025\/06\/crisis4-768x768.jpg 768w, https:\/\/entretormentas.com\/wp-content\/uploads\/2025\/06\/crisis4.jpg 1080w\" sizes=\"(max-width: 1024px) 100vw, 1024px\" \/><\/figure>\n\n\n\n<p><strong>TENSI\u00d3N POL\u00cdTICA<\/strong><br>El ministro del Interior, Armando Benedetti, calific\u00f3 los atentados como \u00abactos cobardes\u00bb.<\/p>\n\n\n\n<p>En su cuenta de X, escribi\u00f3: \u00abEs momento de rodear a la fuerza p\u00fablica, a nuestros soldados y polic\u00edas, quienes son los que garantizan la seguridad de las colombianas y los colombianos\u00bb.<\/p>\n\n\n\n<p>La jornada violenta ocurri\u00f3 en v\u00edsperas de la visita a Cali del presidente colombiano, Gustavo Petro, para participar este mi\u00e9rcoles en una movilizaci\u00f3n convocada por sindicatos en respaldo a su propuesta de convocar por decreto una consulta popular para aprobar la reforma laboral rechazada en el Senado.<\/p>\n\n\n\n<p>Esta ola de violencia ocurre adem\u00e1s en un contexto de creciente tensi\u00f3n pol\u00edtica y violencia armada en varias regiones del pa\u00eds, donde operan grupos armados ilegales que se disputan el control territorial, especialmente en el suroeste por ser una salida al oc\u00e9ano Pac\u00edfico.<br><strong><em>ET \/ EFE<\/em><\/strong><\/p>\n\n\n\n<p><\/p>\n","protected":false},"excerpt":{"rendered":"<p>ENTRE TORMENTAS. Al menos ocho personas murieron este martes en una ofensiva violenta en el&#8230;<\/p>\n","protected":false},"author":2,"featured_media":17813,"comment_status":"closed","ping_status":"open","sticky":false,"template":"","format":"standard","meta":{"footnotes":""},"categories":[56,48],"tags":[],"class_list":["post-17809","post","type-post","status-publish","format-standard","has-post-thumbnail","hentry","category-destacadas","category-internacionales"],"_links":{"self":[{"href":"https:\/\/entretormentas.com\/index.php?rest_route=\/wp\/v2\/posts\/17809","targetHints":{"allow":["GET"]}}],"collection":[{"href":"https:\/\/entretormentas.com\/index.php?rest_route=\/wp\/v2\/posts"}],"about":[{"href":"https:\/\/entretormentas.com\/index.php?rest_route=\/wp\/v2\/types\/post"}],"author":[{"embeddable":true,"href":"https:\/\/entretormentas.com\/index.php?rest_route=\/wp\/v2\/users\/2"}],"replies":[{"embeddable":true,"href":"https:\/\/entretormentas.com\/index.php?rest_route=%2Fwp%2Fv2%2Fcomments&post=17809"}],"version-history":[{"count":1,"href":"https:\/\/entretormentas.com\/index.php?rest_route=\/wp\/v2\/posts\/17809\/revisions"}],"predecessor-version":[{"id":17814,"href":"https:\/\/entretormentas.com\/index.php?rest_route=\/wp\/v2\/posts\/17809\/revisions\/17814"}],"wp:featuredmedia":[{"embeddable":true,"href":"https:\/\/entretormentas.com\/index.php?rest_route=\/wp\/v2\/media\/17813"}],"wp:attachment":[{"href":"https:\/\/entretormentas.com\/index.php?rest_route=%2Fwp%2Fv2%2Fmedia&parent=17809"}],"wp:term":[{"taxonomy":"category","embeddable":true,"href":"https:\/\/entretormentas.com\/index.php?rest_route=%2Fwp%2Fv2%2Fcategories&post=17809"},{"taxonomy":"post_tag","embeddable":true,"href":"https:\/\/entretormentas.com\/index.php?rest_route=%2Fwp%2Fv2%2Ftags&post=17809"}],"curies":[{"name":"wp","href":"https:\/\/api.w.org\/{rel}","templated":true}]}}