{"id":17846,"date":"2025-06-12T10:27:10","date_gmt":"2025-06-12T08:27:10","guid":{"rendered":"https:\/\/entretormentas.com\/?p=17846"},"modified":"2025-06-12T10:27:11","modified_gmt":"2025-06-12T08:27:11","slug":"nueva-etapa-bajo-la-lluvia-y-el-apoyo-indigena-luis-caldera-fue-juramentado-como-nuevo-gobernador-del-zulia","status":"publish","type":"post","link":"https:\/\/entretormentas.com\/nueva-etapa-bajo-la-lluvia-y-el-apoyo-indigena-luis-caldera-fue-juramentado-como-nuevo-gobernador-del-zulia\/","title":{"rendered":"\u00a1NUEVA ETAPA! Bajo la lluvia y el apoyo ind\u00edgena Luis Caldera fue juramentado como nuevo gobernador del Zulia"},"content":{"rendered":"\n<p><strong>ENTRE TORMENTAS. <\/strong>Teniendo como techo un cielo lluvioso, Luis Caldera fue juramentado como gobernador del estado Zulia, acompa\u00f1ado del presidente de la Rep\u00fablica, Nicol\u00e1s Maduro, y de una representaci\u00f3n del pueblo que lo eligi\u00f3 el pasado 25 de mayo con el 64,65 % de los votos.<\/p>\n\n\n\n<p>En juramento tomado por la presidenta del Consejo Legislativo del estado Zulia (Clez), Magdely Valbuena, Caldera reafirm\u00f3 su compromiso de ser un servidor del pueblo desde el Gobierno regional, basado en la \u00e9tica, la moral y la decencia, para hacer del Zulia una tierra grande, pr\u00f3spera, unida y segura.<\/p>\n\n\n\n<figure class=\"wp-block-image size-large\"><img fetchpriority=\"high\" decoding=\"async\" width=\"1024\" height=\"722\" src=\"https:\/\/entretormentas.com\/wp-content\/uploads\/2025\/06\/JURA2-1024x722.jpg\" alt=\"\" class=\"wp-image-17847\" srcset=\"https:\/\/entretormentas.com\/wp-content\/uploads\/2025\/06\/JURA2-1024x722.jpg 1024w, https:\/\/entretormentas.com\/wp-content\/uploads\/2025\/06\/JURA2-300x211.jpg 300w, https:\/\/entretormentas.com\/wp-content\/uploads\/2025\/06\/JURA2-768x541.jpg 768w, https:\/\/entretormentas.com\/wp-content\/uploads\/2025\/06\/JURA2.jpg 1280w\" sizes=\"(max-width: 1024px) 100vw, 1024px\" \/><\/figure>\n\n\n\n<p>Tras su ascensi\u00f3n como gobernador del estado, una representaci\u00f3n way\u00fau le hizo entrega del bast\u00f3n de mando de esa etnia, que lo enviste como primer gobernador ind\u00edgena del Zulia.<\/p>\n\n\n\n<p>Tras la envestidura, el gobernador Caldera se dirigi\u00f3 al pueblo, ratificando su juramento de gobernar de forma decente y de ser m\u00e1s que un gobernador un servidor del pueblo.<\/p>\n\n\n\n<p>Manifest\u00f3 que como zuliano cumplir\u00e1 con que el Zulia sellar\u00e1 la independencia, la soberan\u00eda y proteger\u00e1 la integridad territorial de la Venezuela Bolivariana y que en la entidad se acab\u00f3 la divisi\u00f3n, que habr\u00e1 di\u00e1logo y que ese di\u00e1logo es \u201cde un gobierno regional que se subordina al pueblo, es intercultural porque reconoce la diversidad y por los mayores prop\u00f3sitos de una tierra que ha dado todo y que merece ser la potencia econ\u00f3mica y social de Venezuela\u201d.<\/p>\n\n\n\n<figure class=\"wp-block-image size-full\"><img decoding=\"async\" width=\"768\" height=\"432\" src=\"https:\/\/entretormentas.com\/wp-content\/uploads\/2025\/06\/JURA3.jpg\" alt=\"\" class=\"wp-image-17848\" srcset=\"https:\/\/entretormentas.com\/wp-content\/uploads\/2025\/06\/JURA3.jpg 768w, https:\/\/entretormentas.com\/wp-content\/uploads\/2025\/06\/JURA3-300x169.jpg 300w\" sizes=\"(max-width: 768px) 100vw, 768px\" \/><\/figure>\n\n\n\n<p>Mencion\u00f3 que entre las prioridades de su gesti\u00f3n est\u00e1n impulsar el desarrollo econ\u00f3mico, alineado con el plan de las 7 Transformaciones, reimpulsar la red hospitalaria, con iniciativas como el Plan Cayapa de la Salud, mejorar los servicios p\u00fablicos y la vialidad, con especial atenci\u00f3n al sistema de agua potable, reforzar el tema de vialidad entre ellas las troncales, as\u00ed como la lacustre, para fortalecer la conectividad y el comercio.<\/p>\n\n\n\n<p>\u201cEl Zulia en su realidad econ\u00f3mica productiva, se incorpora al Consejo de Econom\u00eda Nacional y se pone a la disposici\u00f3n a las 7 Transformaciones y los 13 motores. Voy a despachar desde los territorios, con una gobernaci\u00f3n desconcentrada, que entra a una reingenier\u00eda completa, para adaptar la estructura a lo que el pueblo hoy exige y est\u00e1 pidiendo en sus 576 Comunas y Consejos Comunales, en sus movimientos sociales, en sus Salas Autogobierno\u201d, resalt\u00f3.<\/p>\n\n\n\n<p>Al acto asistieron autoridades civiles, militares, representantes de la iglesia cat\u00f3lica, diputados de la Asamblea Nacional y tuvo la presentaci\u00f3n de la gaita zuliana y la de los Ni\u00f1os Cantores del Zulia, quienes interpretaron el Himno Nacional y el Himno del estado Zulia.<br><strong><em>ET \/ Nota de Prensa<\/em><\/strong><\/p>\n\n\n\n<p><\/p>\n","protected":false},"excerpt":{"rendered":"<p>ENTRE TORMENTAS. Teniendo como techo un cielo lluvioso, Luis Caldera fue juramentado como gobernador del&#8230;<\/p>\n","protected":false},"author":2,"featured_media":17849,"comment_status":"closed","ping_status":"open","sticky":false,"template":"","format":"standard","meta":{"footnotes":""},"categories":[57,1],"tags":[],"class_list":["post-17846","post","type-post","status-publish","format-standard","has-post-thumbnail","hentry","category-actualidad","category-regionales"],"_links":{"self":[{"href":"https:\/\/entretormentas.com\/index.php?rest_route=\/wp\/v2\/posts\/17846","targetHints":{"allow":["GET"]}}],"collection":[{"href":"https:\/\/entretormentas.com\/index.php?rest_route=\/wp\/v2\/posts"}],"about":[{"href":"https:\/\/entretormentas.com\/index.php?rest_route=\/wp\/v2\/types\/post"}],"author":[{"embeddable":true,"href":"https:\/\/entretormentas.com\/index.php?rest_route=\/wp\/v2\/users\/2"}],"replies":[{"embeddable":true,"href":"https:\/\/entretormentas.com\/index.php?rest_route=%2Fwp%2Fv2%2Fcomments&post=17846"}],"version-history":[{"count":1,"href":"https:\/\/entretormentas.com\/index.php?rest_route=\/wp\/v2\/posts\/17846\/revisions"}],"predecessor-version":[{"id":17850,"href":"https:\/\/entretormentas.com\/index.php?rest_route=\/wp\/v2\/posts\/17846\/revisions\/17850"}],"wp:featuredmedia":[{"embeddable":true,"href":"https:\/\/entretormentas.com\/index.php?rest_route=\/wp\/v2\/media\/17849"}],"wp:attachment":[{"href":"https:\/\/entretormentas.com\/index.php?rest_route=%2Fwp%2Fv2%2Fmedia&parent=17846"}],"wp:term":[{"taxonomy":"category","embeddable":true,"href":"https:\/\/entretormentas.com\/index.php?rest_route=%2Fwp%2Fv2%2Fcategories&post=17846"},{"taxonomy":"post_tag","embeddable":true,"href":"https:\/\/entretormentas.com\/index.php?rest_route=%2Fwp%2Fv2%2Ftags&post=17846"}],"curies":[{"name":"wp","href":"https:\/\/api.w.org\/{rel}","templated":true}]}}