{"id":17851,"date":"2025-06-12T10:31:17","date_gmt":"2025-06-12T08:31:17","guid":{"rendered":"https:\/\/entretormentas.com\/?p=17851"},"modified":"2025-06-12T10:31:17","modified_gmt":"2025-06-12T08:31:17","slug":"nicolas-maduro-vine-a-ser-testigo-del-inicio-de-una-nueva-y-gran-etapa-del-zulia-como-puerta-de-futuro","status":"publish","type":"post","link":"https:\/\/entretormentas.com\/nicolas-maduro-vine-a-ser-testigo-del-inicio-de-una-nueva-y-gran-etapa-del-zulia-como-puerta-de-futuro\/","title":{"rendered":"NICOL\u00c1S MADURO: \u00abVine a ser testigo del inicio de una nueva y gran etapa del Zulia como puerta de futuro\u00bb"},"content":{"rendered":"\n<p><strong>ENTRE TORMENTAS. <\/strong>El presidente Nicol\u00e1s Maduro, durante la juramentaci\u00f3n de Luis Caldera como gobernador del estado Zulia, dijo que lo recibi\u00f3 una lluvia tenue en un Maracaibo que necesita mucho amor, en un Zulia que necesita amor y dedicaci\u00f3n.<\/p>\n\n\n\n<p>Expres\u00f3 que \u00abvine a ser testigo hoy 11 de junio del 2025, del inicio de una nueva y gran etapa del Zulia como puerta de futuro\u00bb.<\/p>\n\n\n\n<figure class=\"wp-block-image size-large\"><img fetchpriority=\"high\" decoding=\"async\" width=\"1024\" height=\"682\" src=\"https:\/\/entretormentas.com\/wp-content\/uploads\/2025\/06\/JURAMA2-1024x682.jpg\" alt=\"\" class=\"wp-image-17852\" srcset=\"https:\/\/entretormentas.com\/wp-content\/uploads\/2025\/06\/JURAMA2-1024x682.jpg 1024w, https:\/\/entretormentas.com\/wp-content\/uploads\/2025\/06\/JURAMA2-300x200.jpg 300w, https:\/\/entretormentas.com\/wp-content\/uploads\/2025\/06\/JURAMA2-768x512.jpg 768w, https:\/\/entretormentas.com\/wp-content\/uploads\/2025\/06\/JURAMA2.jpg 1280w\" sizes=\"(max-width: 1024px) 100vw, 1024px\" \/><\/figure>\n\n\n\n<p>\u00abFelicito al hombre y a la mujer de a pie, a los humildes porque la victoria de Luis Caldera y la juramentaci\u00f3n y asunci\u00f3n como nuevo gobernador de Zulia, significa la llegada del pueblo a la gobernaci\u00f3n. Ha vuelto el pueblo de Zulia al poder\u00bb, precis\u00f3.<\/p>\n\n\n\n<p>El mandatario nacional felicit\u00f3 al nuevo gobernador y salud\u00f3 a su esposa e hijos, al igual que a toda su familia, en especial al pueblo zuliano.<br><strong><em>ET \/ El Regional del Zulia<\/em><\/strong><\/p>\n","protected":false},"excerpt":{"rendered":"<p>ENTRE TORMENTAS. El presidente Nicol\u00e1s Maduro, durante la juramentaci\u00f3n de Luis Caldera como gobernador del&#8230;<\/p>\n","protected":false},"author":2,"featured_media":17853,"comment_status":"closed","ping_status":"open","sticky":false,"template":"","format":"standard","meta":{"footnotes":""},"categories":[56,1],"tags":[],"class_list":["post-17851","post","type-post","status-publish","format-standard","has-post-thumbnail","hentry","category-destacadas","category-regionales"],"_links":{"self":[{"href":"https:\/\/entretormentas.com\/index.php?rest_route=\/wp\/v2\/posts\/17851","targetHints":{"allow":["GET"]}}],"collection":[{"href":"https:\/\/entretormentas.com\/index.php?rest_route=\/wp\/v2\/posts"}],"about":[{"href":"https:\/\/entretormentas.com\/index.php?rest_route=\/wp\/v2\/types\/post"}],"author":[{"embeddable":true,"href":"https:\/\/entretormentas.com\/index.php?rest_route=\/wp\/v2\/users\/2"}],"replies":[{"embeddable":true,"href":"https:\/\/entretormentas.com\/index.php?rest_route=%2Fwp%2Fv2%2Fcomments&post=17851"}],"version-history":[{"count":1,"href":"https:\/\/entretormentas.com\/index.php?rest_route=\/wp\/v2\/posts\/17851\/revisions"}],"predecessor-version":[{"id":17854,"href":"https:\/\/entretormentas.com\/index.php?rest_route=\/wp\/v2\/posts\/17851\/revisions\/17854"}],"wp:featuredmedia":[{"embeddable":true,"href":"https:\/\/entretormentas.com\/index.php?rest_route=\/wp\/v2\/media\/17853"}],"wp:attachment":[{"href":"https:\/\/entretormentas.com\/index.php?rest_route=%2Fwp%2Fv2%2Fmedia&parent=17851"}],"wp:term":[{"taxonomy":"category","embeddable":true,"href":"https:\/\/entretormentas.com\/index.php?rest_route=%2Fwp%2Fv2%2Fcategories&post=17851"},{"taxonomy":"post_tag","embeddable":true,"href":"https:\/\/entretormentas.com\/index.php?rest_route=%2Fwp%2Fv2%2Ftags&post=17851"}],"curies":[{"name":"wp","href":"https:\/\/api.w.org\/{rel}","templated":true}]}}