{"id":17865,"date":"2025-06-12T10:45:28","date_gmt":"2025-06-12T08:45:28","guid":{"rendered":"https:\/\/entretormentas.com\/?p=17865"},"modified":"2025-06-12T10:45:28","modified_gmt":"2025-06-12T08:45:28","slug":"tension-colombia-petro-firma-decreto-que-convoca-la-consulta-popular-sobre-la-reforma-laboral","status":"publish","type":"post","link":"https:\/\/entretormentas.com\/tension-colombia-petro-firma-decreto-que-convoca-la-consulta-popular-sobre-la-reforma-laboral\/","title":{"rendered":"\u00a1TENSI\u00d3N COLOMBIA! Petro firma decreto que convoca la consulta popular sobre la reforma laboral"},"content":{"rendered":"\n<p><strong>ENTRE TORMENTAS.<\/strong> El presidente de Colombia, Gustavo Petro, firm\u00f3 este mi\u00e9rcoles el decreto para convocar una consulta popular sobre su reforma laboral, una iniciativa pol\u00e9mica que la oposici\u00f3n amenaza con llevar a los tribunales porque el Senado, que tiene la competencia para hacerlo, ya rechaz\u00f3 esa posibilidad, rese\u00f1a EFE.<\/p>\n\n\n\n<p>\u00abHe firmado el decreto que convoca a la consulta popular\u00bb, escribi\u00f3 el mandatario izquierdista en su cuenta de X, donde agreg\u00f3 que ha enviado el documento a la Corte Constitucional para su revisi\u00f3n.<\/p>\n\n\n\n<p>Petro explic\u00f3 que el decreto \u00absolo se derogar\u00e1 antes de las urnas si los puntos que se le preguntan al pueblo para que exprese su orden constituyente son respondidos positivamente por el Congreso\u00bb.<\/p>\n\n\n\n<p>La convocatoria a una consulta popular ha sido una de las propuestas de Petro para rescatar su reforma laboral hundida por comisi\u00f3n del Senado en marzo.<\/p>\n\n\n\n<p>El mandatario present\u00f3 el pasado 1 de mayo, D\u00eda del Trabajador, las 12 preguntas que componen la consulta y que abordan temas como la reducci\u00f3n de la jornada laboral de ocho horas, licencias por salud \u2014incluidos los dolores menstruales\u2014, salarios dignos para el campo y el fin de la tercerizaci\u00f3n, entre otros.<\/p>\n\n\n\n<p>Sin embargo, la posibilidad de hacer una consulta popular tambi\u00e9n la neg\u00f3 en mayo el pleno del Senado, donde el oficialismo no tiene mayor\u00eda. Petro no acept\u00f3 esa decisi\u00f3n, la calific\u00f3 de \u00abfraude\u00bb y acus\u00f3 a los legisladores de haber \u00abhecho trampa\u00bb.<\/p>\n\n\n\n<p>En el decreto de hoy, Petro se\u00f1ala que no puede aplicar \u00abpor inconstitucional el acto mediante el cual el Senado de la Rep\u00fablica, en sesi\u00f3n del 14 de mayo de 2025, decidi\u00f3 dar concepto desfavorable frente a la consulta popular del orden nacional, solicitada por el Presidente de la Rep\u00fablica, con la firma de todos sus ministros, el 1 de mayo de 2025\u00bb.<\/p>\n\n\n\n<figure class=\"wp-block-image size-full\"><img fetchpriority=\"high\" decoding=\"async\" width=\"677\" height=\"374\" src=\"https:\/\/entretormentas.com\/wp-content\/uploads\/2025\/06\/CALI.jpg\" alt=\"\" class=\"wp-image-17866\" srcset=\"https:\/\/entretormentas.com\/wp-content\/uploads\/2025\/06\/CALI.jpg 677w, https:\/\/entretormentas.com\/wp-content\/uploads\/2025\/06\/CALI-300x166.jpg 300w\" sizes=\"(max-width: 677px) 100vw, 677px\" \/><\/figure>\n\n\n\n<p><strong>MEDIDAS EN CALI<\/strong><br>Luego de la explosi\u00f3n de dos carros bomba que dej\u00f3 un saldo de dos personas muertas y 42 heridas, la Alcald\u00eda de Cali orden\u00f3 el cierre total del comercio y ley seca en la ciudad.<\/p>\n\n\n\n<p>La tercera ciudad de Colombia amaneci\u00f3 con los establecimientos comerciales cerrados desde la noche del martes, adem\u00e1s de una fuerte presencia policial en las calles, rese\u00f1\u00f3 EFE.<\/p>\n\n\n\n<p>Seg\u00fan la Polic\u00eda, este martes hubo 24 ataques en el suroeste del pa\u00eds, pues adem\u00e1s de los tres de Cali fueron registrados 21 atentados en varios municipios de los departamentos del Cauca y Valle del Cauca.<\/p>\n\n\n\n<p>Todos los ataques dejaron ocho muertos y fueron atribuidos a las disidencias de las FARC al mando de alias \u00abIv\u00e1n Mordisco\u00bb.<\/p>\n\n\n\n<p>Este mi\u00e9rcoles, al presidente colombiano, Gustavo Petro, est\u00e1 convocado a un consejo extraordinario de seguridad, invitado por la Gobernaci\u00f3n del Valle del Cauca y la Alcald\u00eda de Cali, para tratar el tema de la violencia en el pa\u00eds.<br><strong><em>ET \/ Agencias<\/em><\/strong><\/p>\n\n\n\n<p><\/p>\n","protected":false},"excerpt":{"rendered":"<p>ENTRE TORMENTAS. El presidente de Colombia, Gustavo Petro, firm\u00f3 este mi\u00e9rcoles el decreto para convocar&#8230;<\/p>\n","protected":false},"author":2,"featured_media":17867,"comment_status":"closed","ping_status":"open","sticky":false,"template":"","format":"standard","meta":{"footnotes":""},"categories":[56,48],"tags":[],"class_list":["post-17865","post","type-post","status-publish","format-standard","has-post-thumbnail","hentry","category-destacadas","category-internacionales"],"_links":{"self":[{"href":"https:\/\/entretormentas.com\/index.php?rest_route=\/wp\/v2\/posts\/17865","targetHints":{"allow":["GET"]}}],"collection":[{"href":"https:\/\/entretormentas.com\/index.php?rest_route=\/wp\/v2\/posts"}],"about":[{"href":"https:\/\/entretormentas.com\/index.php?rest_route=\/wp\/v2\/types\/post"}],"author":[{"embeddable":true,"href":"https:\/\/entretormentas.com\/index.php?rest_route=\/wp\/v2\/users\/2"}],"replies":[{"embeddable":true,"href":"https:\/\/entretormentas.com\/index.php?rest_route=%2Fwp%2Fv2%2Fcomments&post=17865"}],"version-history":[{"count":1,"href":"https:\/\/entretormentas.com\/index.php?rest_route=\/wp\/v2\/posts\/17865\/revisions"}],"predecessor-version":[{"id":17868,"href":"https:\/\/entretormentas.com\/index.php?rest_route=\/wp\/v2\/posts\/17865\/revisions\/17868"}],"wp:featuredmedia":[{"embeddable":true,"href":"https:\/\/entretormentas.com\/index.php?rest_route=\/wp\/v2\/media\/17867"}],"wp:attachment":[{"href":"https:\/\/entretormentas.com\/index.php?rest_route=%2Fwp%2Fv2%2Fmedia&parent=17865"}],"wp:term":[{"taxonomy":"category","embeddable":true,"href":"https:\/\/entretormentas.com\/index.php?rest_route=%2Fwp%2Fv2%2Fcategories&post=17865"},{"taxonomy":"post_tag","embeddable":true,"href":"https:\/\/entretormentas.com\/index.php?rest_route=%2Fwp%2Fv2%2Ftags&post=17865"}],"curies":[{"name":"wp","href":"https:\/\/api.w.org\/{rel}","templated":true}]}}