{"id":17883,"date":"2025-06-13T10:19:11","date_gmt":"2025-06-13T08:19:11","guid":{"rendered":"https:\/\/entretormentas.com\/?p=17883"},"modified":"2025-06-13T10:19:11","modified_gmt":"2025-06-13T08:19:11","slug":"en-plaza-para-todos-alcaldia-ofrece-jornada-integral-de-salud-por-el-dia-nacional-del-adulto-mayor","status":"publish","type":"post","link":"https:\/\/entretormentas.com\/en-plaza-para-todos-alcaldia-ofrece-jornada-integral-de-salud-por-el-dia-nacional-del-adulto-mayor\/","title":{"rendered":"\u00a1EN PLAZA PARA TODOS! Alcald\u00eda ofrece Jornada Integral de Salud por el D\u00eda Nacional del Adulto Mayor"},"content":{"rendered":"\n<p><strong>ENTRE TORMENTAS. <\/strong>Continuando con la celebraci\u00f3n del D\u00eda Nacional del Adulto Mayor, la Alcald\u00eda de Maracaibo, a trav\u00e9s del Instituto Municipal de la Adulta y el Adulto Mayor y el Servicio Aut\u00f3nomo Sistema Municipal de Salud de Maracaibo (SAMAS), ofreci\u00f3 una Jornada Integral de Salud en Plaza para Todos.<\/p>\n\n\n\n<p>Al menos 120 adultos mayores fueron atendidos con salud, odontolog\u00eda, barber\u00eda, manicure, peluquer\u00eda y entrega de medicamentos, en la Jornada Integral de Salud que se realiz\u00f3 como parte de la celebraci\u00f3n en los \u00faltimos tres a\u00f1os.<\/p>\n\n\n\n<figure class=\"wp-block-image size-large\"><img fetchpriority=\"high\" decoding=\"async\" width=\"1024\" height=\"682\" src=\"https:\/\/entretormentas.com\/wp-content\/uploads\/2025\/06\/abue2-1024x682.jpeg\" alt=\"\" class=\"wp-image-17884\" srcset=\"https:\/\/entretormentas.com\/wp-content\/uploads\/2025\/06\/abue2-1024x682.jpeg 1024w, https:\/\/entretormentas.com\/wp-content\/uploads\/2025\/06\/abue2-300x200.jpeg 300w, https:\/\/entretormentas.com\/wp-content\/uploads\/2025\/06\/abue2-768x512.jpeg 768w, https:\/\/entretormentas.com\/wp-content\/uploads\/2025\/06\/abue2-1536x1024.jpeg 1536w, https:\/\/entretormentas.com\/wp-content\/uploads\/2025\/06\/abue2-2048x1365.jpeg 2048w\" sizes=\"(max-width: 1024px) 100vw, 1024px\" \/><\/figure>\n\n\n\n<p>Nadia Montilla, presidente del IMAAM, explic\u00f3 que la atenci\u00f3n en salud es rutinaria dentro del instituto puesto que, adem\u00e1s este tipo de jornadas que son masivas, se realizan una jornada de atenci\u00f3n semanal en las comunidades.<\/p>\n\n\n\n<p>\u201cLa salud es sumamente importante para las personas de la tercera edad. No podemos hacer una celebraci\u00f3n sin incluir este tipo de atenciones donde hasta les entregamos medicamentos. Vitaminas, analg\u00e9sicos, hipertensivos\u2026 todo lo que ellos puedan necesitar, los tenemos disponibles en la farmacia\u201d, detall\u00f3 Montilla.<\/p>\n\n\n\n<p>Wuanerje Cabrera, jubilado de 77 a\u00f1os integrante del Club Freddy Chirino, parroquia Caracciolo Parra P\u00e9rez, explic\u00f3 que las jornadas m\u00e9dicas son un \u201calivio\u201d ante la cantidad de medicamentos que necesitan los adultos mayores. \u201cDe aqu\u00ed nos vamos completos. No solamente nos ve el m\u00e9dico, sino que nos vamos a la casa aliviados porque no tenemos que comprar las pastillas por semanas\u201d.<\/p>\n\n\n\n<figure class=\"wp-block-image size-large\"><img decoding=\"async\" width=\"1024\" height=\"682\" src=\"https:\/\/entretormentas.com\/wp-content\/uploads\/2025\/06\/abue3-1024x682.jpeg\" alt=\"\" class=\"wp-image-17885\" srcset=\"https:\/\/entretormentas.com\/wp-content\/uploads\/2025\/06\/abue3-1024x682.jpeg 1024w, https:\/\/entretormentas.com\/wp-content\/uploads\/2025\/06\/abue3-300x200.jpeg 300w, https:\/\/entretormentas.com\/wp-content\/uploads\/2025\/06\/abue3-768x512.jpeg 768w, https:\/\/entretormentas.com\/wp-content\/uploads\/2025\/06\/abue3-1536x1024.jpeg 1536w, https:\/\/entretormentas.com\/wp-content\/uploads\/2025\/06\/abue3-2048x1365.jpeg 2048w\" sizes=\"(max-width: 1024px) 100vw, 1024px\" \/><\/figure>\n\n\n\n<p>Por su parte, Ofelia Echeverr\u00eda, ama de casa de 63 a\u00f1os y coordinadora del Club de Abuelos El Saladillo, parroquia Chiquinquir\u00e1, celebr\u00f3 las actividades regulares y especiales que hace el IMAAM. \u201cNos atienden diferentes m\u00e9dicos. Nos hacen hasta el examen de glicemia. Yo me atend\u00ed los dientes. Estas jornadas son espectaculares. Yo nunca quisiera que se terminaran\u201d.<\/p>\n\n\n\n<p>Esta Jornada Integral de Salud se sum\u00f3 a la Caminata Edad Dorada, Activa y Saludable 2025, que termin\u00f3 con una bailoterapia y con la sesi\u00f3n solemne del Concejo Municipal de Maracaibo como parte de la celebraci\u00f3n del Imaam por el D\u00eda Nacional del Adulto Mayor en Maracaibo.<br><strong><em>ET \/ DCI Alcald\u00eda de Maracaibo<\/em><\/strong><\/p>\n\n\n\n<p><\/p>\n","protected":false},"excerpt":{"rendered":"<p>ENTRE TORMENTAS. Continuando con la celebraci\u00f3n del D\u00eda Nacional del Adulto Mayor, la Alcald\u00eda de&#8230;<\/p>\n","protected":false},"author":2,"featured_media":17886,"comment_status":"closed","ping_status":"open","sticky":false,"template":"","format":"standard","meta":{"footnotes":""},"categories":[57,1],"tags":[],"class_list":["post-17883","post","type-post","status-publish","format-standard","has-post-thumbnail","hentry","category-actualidad","category-regionales"],"_links":{"self":[{"href":"https:\/\/entretormentas.com\/index.php?rest_route=\/wp\/v2\/posts\/17883","targetHints":{"allow":["GET"]}}],"collection":[{"href":"https:\/\/entretormentas.com\/index.php?rest_route=\/wp\/v2\/posts"}],"about":[{"href":"https:\/\/entretormentas.com\/index.php?rest_route=\/wp\/v2\/types\/post"}],"author":[{"embeddable":true,"href":"https:\/\/entretormentas.com\/index.php?rest_route=\/wp\/v2\/users\/2"}],"replies":[{"embeddable":true,"href":"https:\/\/entretormentas.com\/index.php?rest_route=%2Fwp%2Fv2%2Fcomments&post=17883"}],"version-history":[{"count":1,"href":"https:\/\/entretormentas.com\/index.php?rest_route=\/wp\/v2\/posts\/17883\/revisions"}],"predecessor-version":[{"id":17887,"href":"https:\/\/entretormentas.com\/index.php?rest_route=\/wp\/v2\/posts\/17883\/revisions\/17887"}],"wp:featuredmedia":[{"embeddable":true,"href":"https:\/\/entretormentas.com\/index.php?rest_route=\/wp\/v2\/media\/17886"}],"wp:attachment":[{"href":"https:\/\/entretormentas.com\/index.php?rest_route=%2Fwp%2Fv2%2Fmedia&parent=17883"}],"wp:term":[{"taxonomy":"category","embeddable":true,"href":"https:\/\/entretormentas.com\/index.php?rest_route=%2Fwp%2Fv2%2Fcategories&post=17883"},{"taxonomy":"post_tag","embeddable":true,"href":"https:\/\/entretormentas.com\/index.php?rest_route=%2Fwp%2Fv2%2Ftags&post=17883"}],"curies":[{"name":"wp","href":"https:\/\/api.w.org\/{rel}","templated":true}]}}