{"id":17888,"date":"2025-06-13T10:22:36","date_gmt":"2025-06-13T08:22:36","guid":{"rendered":"https:\/\/entretormentas.com\/?p=17888"},"modified":"2025-06-13T10:22:37","modified_gmt":"2025-06-13T08:22:37","slug":"en-el-concejo-municipal-de-maracaibo-realizan-sesion-solemne-en-honor-a-astolfo-romero-el-parroquiano","status":"publish","type":"post","link":"https:\/\/entretormentas.com\/en-el-concejo-municipal-de-maracaibo-realizan-sesion-solemne-en-honor-a-astolfo-romero-el-parroquiano\/","title":{"rendered":"\u00a1EN EL CONCEJO MUNICIPAL DE MARACAIBO! Realizan sesi\u00f3n solemne en honor a Astolfo Romero \u00abEl Parroquiano\u00bb"},"content":{"rendered":"\n<p><strong>ENTRE TORMENTAS.<\/strong> En un emotivo acto celebrado en el Concejo Municipal de Maracaibo, autoridades, m\u00fasicos y ciudadanos rindieron homenaje a la memoria de Astolfo Romero, reconocido como \u00abEl Parroquiano\u00bb, al cumplirse 25 a\u00f1os de su desaparici\u00f3n f\u00edsica. La sesi\u00f3n solemne destac\u00f3 el legado musical y cultural del insigne gaitero zuliano, cuya obra sigue resonando en el coraz\u00f3n de Venezuela. El evento cont\u00f3 con la presencia de destacados exponentes de la gaita zuliana, quienes interpretaron algunas de las composiciones m\u00e1s emblem\u00e1ticas de Romero, recordando su invaluable contribuci\u00f3n al g\u00e9nero. Asimismo, representantes del Instituto Municipal de la Gaita Ricardo Aguirre (IMGRA) presentaron un audiovisual con momentos clave de su trayectoria art\u00edstica.<\/p>\n\n\n\n<p>Durante la ceremonia, presidida por la concejal Yineska Contreras, primera vicepresidenta del hemiciclo marabino, se resalt\u00f3 la importancia de preservar la obra de Astolfo Romero como parte del patrimonio cultural del Zulia. \u00abAstolfo no solo fue un extraordinario compositor e int\u00e9rprete, sino un s\u00edmbolo de identidad regional y orgullo popular. En sus letras plasm\u00f3 la voz del pueblo, nos puso a bailar con energ\u00eda y nos invit\u00f3 a nunca olvidar de d\u00f3nde venimos\u00bb, expres\u00f3 Contreras en su discurso.<\/p>\n\n\n\n<figure class=\"wp-block-image size-large\"><img fetchpriority=\"high\" decoding=\"async\" width=\"1024\" height=\"682\" src=\"https:\/\/entretormentas.com\/wp-content\/uploads\/2025\/06\/astolfo2-1024x682.jpeg\" alt=\"\" class=\"wp-image-17889\" srcset=\"https:\/\/entretormentas.com\/wp-content\/uploads\/2025\/06\/astolfo2-1024x682.jpeg 1024w, https:\/\/entretormentas.com\/wp-content\/uploads\/2025\/06\/astolfo2-300x200.jpeg 300w, https:\/\/entretormentas.com\/wp-content\/uploads\/2025\/06\/astolfo2-768x511.jpeg 768w, https:\/\/entretormentas.com\/wp-content\/uploads\/2025\/06\/astolfo2.jpeg 1280w\" sizes=\"(max-width: 1024px) 100vw, 1024px\" \/><\/figure>\n\n\n\n<p>Por su parte, la destacada periodista Moraima Guti\u00e9rrez, quien fungi\u00f3 como oradora de orden, resalt\u00f3 la trayectoria musical de este poeta gaitero, quien marc\u00f3 un hito dentro de las l\u00edneas po\u00e9ticas de la gaita zuliana.\u00bbAstolfo hablaba de nosotros, de nuestras costumbres, de nuestras historias. Luego de grabar &#8216;La Gu\u00eda&#8217; y &#8216;T\u00fa de Ave Cantora&#8217;, sin saberlo, dej\u00f3 la \u00faltima obra a Los Chiquinquire\u00f1os. En la soledad de una habitaci\u00f3n, su alma y su esp\u00edritu alzaron el vuelo, emprendiendo su viaje a la eternidad\u00bb, expres\u00f3 Guti\u00e9rrez.<\/p>\n\n\n\n<p>Astolfo Romero, nacido el 8 de febrero de 1950 en la parroquia Santa Luc\u00eda, se destac\u00f3 como guitarrista, cantante, compositor y maraquero. Su legado incluye agrupaciones como Gaiteros de Pillopo, Cardenales del \u00c9xito y Maragaita, adem\u00e1s de una extensa lista de composiciones que siguen vigentes en la m\u00fasica tradicional zuliana.<\/p>\n\n\n\n<figure class=\"wp-block-image size-large\"><img decoding=\"async\" width=\"1024\" height=\"682\" src=\"https:\/\/entretormentas.com\/wp-content\/uploads\/2025\/06\/astolfo3-1024x682.jpeg\" alt=\"\" class=\"wp-image-17890\" srcset=\"https:\/\/entretormentas.com\/wp-content\/uploads\/2025\/06\/astolfo3-1024x682.jpeg 1024w, https:\/\/entretormentas.com\/wp-content\/uploads\/2025\/06\/astolfo3-300x200.jpeg 300w, https:\/\/entretormentas.com\/wp-content\/uploads\/2025\/06\/astolfo3-768x511.jpeg 768w, https:\/\/entretormentas.com\/wp-content\/uploads\/2025\/06\/astolfo3.jpeg 1280w\" sizes=\"(max-width: 1024px) 100vw, 1024px\" \/><\/figure>\n\n\n\n<p>El Concejo Municipal de Maracaibo reafirm\u00f3 su compromiso de seguir promoviendo el legado de \u00abEl Parroquiano\u00bb a trav\u00e9s de iniciativas culturales y educativas que permitan a las nuevas generaciones conocer y valorar su aporte a la gaita zuliana.<br><strong><em>ET \/ Prensa CMM<\/em><\/strong><\/p>\n\n\n\n<p><\/p>\n","protected":false},"excerpt":{"rendered":"<p>ENTRE TORMENTAS. En un emotivo acto celebrado en el Concejo Municipal de Maracaibo, autoridades, m\u00fasicos&#8230;<\/p>\n","protected":false},"author":2,"featured_media":17891,"comment_status":"closed","ping_status":"open","sticky":false,"template":"","format":"standard","meta":{"footnotes":""},"categories":[57,1],"tags":[],"class_list":["post-17888","post","type-post","status-publish","format-standard","has-post-thumbnail","hentry","category-actualidad","category-regionales"],"_links":{"self":[{"href":"https:\/\/entretormentas.com\/index.php?rest_route=\/wp\/v2\/posts\/17888","targetHints":{"allow":["GET"]}}],"collection":[{"href":"https:\/\/entretormentas.com\/index.php?rest_route=\/wp\/v2\/posts"}],"about":[{"href":"https:\/\/entretormentas.com\/index.php?rest_route=\/wp\/v2\/types\/post"}],"author":[{"embeddable":true,"href":"https:\/\/entretormentas.com\/index.php?rest_route=\/wp\/v2\/users\/2"}],"replies":[{"embeddable":true,"href":"https:\/\/entretormentas.com\/index.php?rest_route=%2Fwp%2Fv2%2Fcomments&post=17888"}],"version-history":[{"count":1,"href":"https:\/\/entretormentas.com\/index.php?rest_route=\/wp\/v2\/posts\/17888\/revisions"}],"predecessor-version":[{"id":17892,"href":"https:\/\/entretormentas.com\/index.php?rest_route=\/wp\/v2\/posts\/17888\/revisions\/17892"}],"wp:featuredmedia":[{"embeddable":true,"href":"https:\/\/entretormentas.com\/index.php?rest_route=\/wp\/v2\/media\/17891"}],"wp:attachment":[{"href":"https:\/\/entretormentas.com\/index.php?rest_route=%2Fwp%2Fv2%2Fmedia&parent=17888"}],"wp:term":[{"taxonomy":"category","embeddable":true,"href":"https:\/\/entretormentas.com\/index.php?rest_route=%2Fwp%2Fv2%2Fcategories&post=17888"},{"taxonomy":"post_tag","embeddable":true,"href":"https:\/\/entretormentas.com\/index.php?rest_route=%2Fwp%2Fv2%2Ftags&post=17888"}],"curies":[{"name":"wp","href":"https:\/\/api.w.org\/{rel}","templated":true}]}}