{"id":17898,"date":"2025-06-13T10:29:19","date_gmt":"2025-06-13T08:29:19","guid":{"rendered":"https:\/\/entretormentas.com\/?p=17898"},"modified":"2025-06-13T10:29:20","modified_gmt":"2025-06-13T08:29:20","slug":"va-a-reestructurar-varias-secretarias-gobernador-luis-caldera-se-instala-en-el-palacio-de-gobierno","status":"publish","type":"post","link":"https:\/\/entretormentas.com\/va-a-reestructurar-varias-secretarias-gobernador-luis-caldera-se-instala-en-el-palacio-de-gobierno\/","title":{"rendered":"\u00a1VA A REESTRUCTURAR VARIAS SECRETAR\u00cdAS! Gobernador Luis Caldera se instala en el Palacio de Gobierno"},"content":{"rendered":"\n<p><strong>ENTRE TORMENTAS.<\/strong> A las puertas del Palacio de Los C\u00f3ndores, el gobernador del estado Zulia, Luis Caldera, anunci\u00f3 que se suprimir\u00e1n varias secretar\u00edas, que no est\u00e1n adaptadas a las realidad econ\u00f3mica, pol\u00edtica y social del pa\u00eds y que ser\u00e1n creadas las de Pueblos y Comunidades Ind\u00edgenas, la de Comunas y Movimientos Sociales y la de la Mujer.<\/p>\n\n\n\n<p>El gobernador Caldera fue recibido por la presidenta del parlamento regional, Magdely Valbuena, los diputados Arnoldo Olivares y Noel\u00ed Pocaterra y por los profesores universitarios Giovanny Villalobos y Mario Isea, quienes presiden la comisi\u00f3n de enlace entre el gobierno saliente y el entrante, para la formalizaci\u00f3n e instalaci\u00f3n del Gobierno Bolivariano en la regi\u00f3n.<\/p>\n\n\n\n<figure class=\"wp-block-image size-large\"><img fetchpriority=\"high\" decoding=\"async\" width=\"1024\" height=\"726\" src=\"https:\/\/entretormentas.com\/wp-content\/uploads\/2025\/06\/gobe1-1024x726.jpeg\" alt=\"\" class=\"wp-image-17899\" srcset=\"https:\/\/entretormentas.com\/wp-content\/uploads\/2025\/06\/gobe1-1024x726.jpeg 1024w, https:\/\/entretormentas.com\/wp-content\/uploads\/2025\/06\/gobe1-300x213.jpeg 300w, https:\/\/entretormentas.com\/wp-content\/uploads\/2025\/06\/gobe1-768x545.jpeg 768w, https:\/\/entretormentas.com\/wp-content\/uploads\/2025\/06\/gobe1.jpeg 1280w\" sizes=\"(max-width: 1024px) 100vw, 1024px\" \/><\/figure>\n\n\n\n<p>Manifest\u00f3 que desde este mismo jueves 12 de junio se inici\u00f3 la gesti\u00f3n con el Gabinete de Salud, \u00e1rea de prioridad en su plan de gobierno, para continuar con el abordaje a los centros hospitalarios.<\/p>\n\n\n\n<p>Tambi\u00e9n realiz\u00f3 el gabinete de vialidad, el cual, adelant\u00f3, el pr\u00f3ximo lunes arrancar\u00e1 con las obras de la carretera Machiques-Col\u00f3n.<\/p>\n\n\n\n<p>Inform\u00f3 sobre el comienzo del Plan Zulia en el Oeste, dirigido a las parroquias ubicadas en esta zona de la capital zuliana; as\u00ed como la dotaci\u00f3n, ya en proceso, de las 576 Salas de Autogobierno Comunal del Zulia.<\/p>\n\n\n\n<p><strong>SEGURIDAD, SERVICIO Y ECONOM\u00cdA<\/strong><br>El gobernador Bolivariano dio a conocer que, luego del acto de juramentaci\u00f3n este mi\u00e9rcoles 11 de junio, sostuvo una reuni\u00f3n con el presidente Nicol\u00e1s Maduro, quien le gir\u00f3 instrucciones en materia de orden, seguridad y de servicio, trabajando de forma articulada con el Gobierno Nacional y popular.<\/p>\n\n\n\n<figure class=\"wp-block-image size-large\"><img decoding=\"async\" width=\"1024\" height=\"695\" src=\"https:\/\/entretormentas.com\/wp-content\/uploads\/2025\/06\/gobe3-1024x695.jpeg\" alt=\"\" class=\"wp-image-17900\" srcset=\"https:\/\/entretormentas.com\/wp-content\/uploads\/2025\/06\/gobe3-1024x695.jpeg 1024w, https:\/\/entretormentas.com\/wp-content\/uploads\/2025\/06\/gobe3-300x204.jpeg 300w, https:\/\/entretormentas.com\/wp-content\/uploads\/2025\/06\/gobe3-768x521.jpeg 768w, https:\/\/entretormentas.com\/wp-content\/uploads\/2025\/06\/gobe3.jpeg 1280w\" sizes=\"(max-width: 1024px) 100vw, 1024px\" \/><\/figure>\n\n\n\n<p>Asimismo, el jefe de estado le comunic\u00f3 que en la entidad ser\u00e1 instalado el Consejo de Econom\u00eda Zuliana, con los 13 motores de la econom\u00eda, para lo que sostendr\u00e1 encuentros con representantes de los sectores empresariales, econ\u00f3micos y productivos de la regi\u00f3n.<\/p>\n\n\n\n<p>Adelant\u00f3 que establecer\u00e1 comunicaci\u00f3n con los alcaldes, para girarles instrucci\u00f3n sobre la atenci\u00f3n de la recolecci\u00f3n de basura y desechos s\u00f3lidos en Maracaibo y San Francisco.<\/p>\n\n\n\n<p>\u201cComenzamos hoy el trabajo de ser el servidor del Zulia. Venimos a instalarnos en una comisi\u00f3n de trabajo de enlace que van a las 21 secretar\u00edas y a las oficinas para, desde hoy, hacer la transici\u00f3n como lo dijimos: en paz, respetuosa y organizada\u201d, expres\u00f3 Caldera, al referir que desde este viernes 13 de junio har\u00e1 los primeros nombramientos de qui\u00e9nes conformar\u00e1n el nuevo gabinete ejecutivo del estado Zulia.<br><strong><em>ET \/ Nota de Prensa<\/em><\/strong><\/p>\n","protected":false},"excerpt":{"rendered":"<p>ENTRE TORMENTAS. A las puertas del Palacio de Los C\u00f3ndores, el gobernador del estado Zulia,&#8230;<\/p>\n","protected":false},"author":2,"featured_media":17901,"comment_status":"closed","ping_status":"open","sticky":false,"template":"","format":"standard","meta":{"footnotes":""},"categories":[57,1],"tags":[],"class_list":["post-17898","post","type-post","status-publish","format-standard","has-post-thumbnail","hentry","category-actualidad","category-regionales"],"_links":{"self":[{"href":"https:\/\/entretormentas.com\/index.php?rest_route=\/wp\/v2\/posts\/17898","targetHints":{"allow":["GET"]}}],"collection":[{"href":"https:\/\/entretormentas.com\/index.php?rest_route=\/wp\/v2\/posts"}],"about":[{"href":"https:\/\/entretormentas.com\/index.php?rest_route=\/wp\/v2\/types\/post"}],"author":[{"embeddable":true,"href":"https:\/\/entretormentas.com\/index.php?rest_route=\/wp\/v2\/users\/2"}],"replies":[{"embeddable":true,"href":"https:\/\/entretormentas.com\/index.php?rest_route=%2Fwp%2Fv2%2Fcomments&post=17898"}],"version-history":[{"count":1,"href":"https:\/\/entretormentas.com\/index.php?rest_route=\/wp\/v2\/posts\/17898\/revisions"}],"predecessor-version":[{"id":17902,"href":"https:\/\/entretormentas.com\/index.php?rest_route=\/wp\/v2\/posts\/17898\/revisions\/17902"}],"wp:featuredmedia":[{"embeddable":true,"href":"https:\/\/entretormentas.com\/index.php?rest_route=\/wp\/v2\/media\/17901"}],"wp:attachment":[{"href":"https:\/\/entretormentas.com\/index.php?rest_route=%2Fwp%2Fv2%2Fmedia&parent=17898"}],"wp:term":[{"taxonomy":"category","embeddable":true,"href":"https:\/\/entretormentas.com\/index.php?rest_route=%2Fwp%2Fv2%2Fcategories&post=17898"},{"taxonomy":"post_tag","embeddable":true,"href":"https:\/\/entretormentas.com\/index.php?rest_route=%2Fwp%2Fv2%2Ftags&post=17898"}],"curies":[{"name":"wp","href":"https:\/\/api.w.org\/{rel}","templated":true}]}}