{"id":17909,"date":"2025-06-13T10:35:30","date_gmt":"2025-06-13T08:35:30","guid":{"rendered":"https:\/\/entretormentas.com\/?p=17909"},"modified":"2025-06-13T10:35:30","modified_gmt":"2025-06-13T08:35:30","slug":"informa-cabello-incautan-otro-lote-de-armas-provenientes-de-trinidad-y-tobago","status":"publish","type":"post","link":"https:\/\/entretormentas.com\/informa-cabello-incautan-otro-lote-de-armas-provenientes-de-trinidad-y-tobago\/","title":{"rendered":"\u00a1INFORMA CABELLO! Incautan \u00abotro lote de armas\u00bb provenientes de Trinidad y Tobago"},"content":{"rendered":"\n<p><strong>ENTRE TORMENTAS.<\/strong> El ministro de Interior y Justicia, Diosdado Cabello, inform\u00f3 este mi\u00e9rcoles que incautaron \u00abotro lote de armas\u00bb en el este del pa\u00eds que proven\u00eda de Trinidad y Tobago.<\/p>\n\n\n\n<p>\u00abAyer agarraron otro lote de armas en un sitio en el oriente de Venezuela. Parte de estas armas que est\u00e1n trayendo desde Trinidad, desde Trinidad las est\u00e1 trayendo\u00bb, reiter\u00f3 en su programa de televisi\u00f3n \u2018Con el mazo dando\u2019.<\/p>\n\n\n\n<p>Cabello no precis\u00f3 la cantidad del armamento decomisado y tampoco el lugar exacto donde realizaron el hallazgo de la carga.<\/p>\n\n\n\n<p>En este sentido, Cabello enfatiz\u00f3 que hay un ciudadano de Trinidad y Tobago detenido por intentar traer armas al pa\u00eds.<\/p>\n\n\n\n<p>\u00ab\u00bfC\u00f3mo que no est\u00e1 pasando nada? Uno de los detenidos es trinitario y confiesa que las armas vienen de all\u00e1, que las trajo de all\u00e1 y uno no dice las intenciones de lo que iban a hacer con las armas para no caer en detalles. Y detr\u00e1s de eso, \u00bfQui\u00e9n est\u00e1? El narco paramilitarismo y la pol\u00edtica opositora en Venezuela\u00bb, refiri\u00f3.<\/p>\n\n\n\n<p>El tambi\u00e9n ministro de Interior, Justicia y Paz sostuvo que la situaci\u00f3n migratoria de los venezolanos en Estados Unidos es preocupante. \u00abDesde Venezuela estamos muy preocupados por esa situaci\u00f3n que viven all\u00e1\u00bb, dijo.<br><strong><em>ET \/ EFE<\/em><\/strong><\/p>\n\n\n\n<p><\/p>\n","protected":false},"excerpt":{"rendered":"<p>ENTRE TORMENTAS. El ministro de Interior y Justicia, Diosdado Cabello, inform\u00f3 este mi\u00e9rcoles que incautaron&#8230;<\/p>\n","protected":false},"author":2,"featured_media":17910,"comment_status":"closed","ping_status":"open","sticky":false,"template":"","format":"standard","meta":{"footnotes":""},"categories":[56,49],"tags":[],"class_list":["post-17909","post","type-post","status-publish","format-standard","has-post-thumbnail","hentry","category-destacadas","category-nacionales"],"_links":{"self":[{"href":"https:\/\/entretormentas.com\/index.php?rest_route=\/wp\/v2\/posts\/17909","targetHints":{"allow":["GET"]}}],"collection":[{"href":"https:\/\/entretormentas.com\/index.php?rest_route=\/wp\/v2\/posts"}],"about":[{"href":"https:\/\/entretormentas.com\/index.php?rest_route=\/wp\/v2\/types\/post"}],"author":[{"embeddable":true,"href":"https:\/\/entretormentas.com\/index.php?rest_route=\/wp\/v2\/users\/2"}],"replies":[{"embeddable":true,"href":"https:\/\/entretormentas.com\/index.php?rest_route=%2Fwp%2Fv2%2Fcomments&post=17909"}],"version-history":[{"count":1,"href":"https:\/\/entretormentas.com\/index.php?rest_route=\/wp\/v2\/posts\/17909\/revisions"}],"predecessor-version":[{"id":17911,"href":"https:\/\/entretormentas.com\/index.php?rest_route=\/wp\/v2\/posts\/17909\/revisions\/17911"}],"wp:featuredmedia":[{"embeddable":true,"href":"https:\/\/entretormentas.com\/index.php?rest_route=\/wp\/v2\/media\/17910"}],"wp:attachment":[{"href":"https:\/\/entretormentas.com\/index.php?rest_route=%2Fwp%2Fv2%2Fmedia&parent=17909"}],"wp:term":[{"taxonomy":"category","embeddable":true,"href":"https:\/\/entretormentas.com\/index.php?rest_route=%2Fwp%2Fv2%2Fcategories&post=17909"},{"taxonomy":"post_tag","embeddable":true,"href":"https:\/\/entretormentas.com\/index.php?rest_route=%2Fwp%2Fv2%2Ftags&post=17909"}],"curies":[{"name":"wp","href":"https:\/\/api.w.org\/{rel}","templated":true}]}}