{"id":17919,"date":"2025-06-13T10:43:28","date_gmt":"2025-06-13T08:43:28","guid":{"rendered":"https:\/\/entretormentas.com\/?p=17919"},"modified":"2025-06-13T10:43:28","modified_gmt":"2025-06-13T08:43:28","slug":"por-presunta-conspiracion-detienen-al-profesor-universitario-y-exministro-rodrigo-cabezas","status":"publish","type":"post","link":"https:\/\/entretormentas.com\/por-presunta-conspiracion-detienen-al-profesor-universitario-y-exministro-rodrigo-cabezas\/","title":{"rendered":"\u00a1POR PRESUNTA CONSPIRACI\u00d3N! Detienen al profesor universitario y exministro Rodrigo Cabezas"},"content":{"rendered":"\n<p><strong>ENTRE TORMENTAS.<\/strong> Este 12 de junio, Rodrigo Cabezas, economista, profesor universitario de La Universidad del Zulia (LUZ), y exministro de Econom\u00eda y Finanzas, fue detenido por funcionarios del Servicio Bolivariano de Inteligencia Nacional (Sebin).<\/p>\n\n\n\n<p>La noticia fue confirmada por fuentes ligadas al caso, quienes se\u00f1alaron que la detenci\u00f3n se realiz\u00f3 por presunta conspiraci\u00f3n.<\/p>\n\n\n\n<figure class=\"wp-block-image size-full\"><img fetchpriority=\"high\" decoding=\"async\" width=\"700\" height=\"466\" src=\"https:\/\/entretormentas.com\/wp-content\/uploads\/2025\/06\/rodri2.jpeg\" alt=\"\" class=\"wp-image-17920\" srcset=\"https:\/\/entretormentas.com\/wp-content\/uploads\/2025\/06\/rodri2.jpeg 700w, https:\/\/entretormentas.com\/wp-content\/uploads\/2025\/06\/rodri2-300x200.jpeg 300w\" sizes=\"(max-width: 700px) 100vw, 700px\" \/><\/figure>\n\n\n\n<p>Se conoci\u00f3 que el servicio el\u00e9ctrico fue cortado en la casa del profesor, por lo que \u00e9ste se dirigi\u00f3 a la sede de Corpoelec ubicada en Las Delicias, Maracaibo, y all\u00ed lo apresaron.<\/p>\n\n\n\n<p>Fue ministro de Finanzas entre los a\u00f1os 2007 y 2008, asimismo destac\u00f3 como miembro de la Direcci\u00f3n Nacional del Partido Socialista Unido de Venezuela (PSUV) hasta el 2017.<\/p>\n\n\n\n<p>Cabezas nacido en Valera, estado Trujillo, creci\u00f3 y estudi\u00f3 en Maracaibo, es un acad\u00e9mico y servidor p\u00fablico de 68 a\u00f1os, reconocido por su trayectoria en el \u00e1mbito econ\u00f3mico y por su labor como profesor en la Facultad de Ciencias Econ\u00f3micas y Sociales de LUZ, adem\u00e1s es coordinador de estrategia pol\u00edtica del movimiento Zulia Humana.<br><strong><em>ET \/ Foco Informativo<\/em><\/strong><\/p>\n","protected":false},"excerpt":{"rendered":"<p>ENTRE TORMENTAS. Este 12 de junio, Rodrigo Cabezas, economista, profesor universitario de La Universidad del&#8230;<\/p>\n","protected":false},"author":2,"featured_media":17921,"comment_status":"closed","ping_status":"open","sticky":false,"template":"","format":"standard","meta":{"footnotes":""},"categories":[56,49],"tags":[],"class_list":["post-17919","post","type-post","status-publish","format-standard","has-post-thumbnail","hentry","category-destacadas","category-nacionales"],"_links":{"self":[{"href":"https:\/\/entretormentas.com\/index.php?rest_route=\/wp\/v2\/posts\/17919","targetHints":{"allow":["GET"]}}],"collection":[{"href":"https:\/\/entretormentas.com\/index.php?rest_route=\/wp\/v2\/posts"}],"about":[{"href":"https:\/\/entretormentas.com\/index.php?rest_route=\/wp\/v2\/types\/post"}],"author":[{"embeddable":true,"href":"https:\/\/entretormentas.com\/index.php?rest_route=\/wp\/v2\/users\/2"}],"replies":[{"embeddable":true,"href":"https:\/\/entretormentas.com\/index.php?rest_route=%2Fwp%2Fv2%2Fcomments&post=17919"}],"version-history":[{"count":1,"href":"https:\/\/entretormentas.com\/index.php?rest_route=\/wp\/v2\/posts\/17919\/revisions"}],"predecessor-version":[{"id":17922,"href":"https:\/\/entretormentas.com\/index.php?rest_route=\/wp\/v2\/posts\/17919\/revisions\/17922"}],"wp:featuredmedia":[{"embeddable":true,"href":"https:\/\/entretormentas.com\/index.php?rest_route=\/wp\/v2\/media\/17921"}],"wp:attachment":[{"href":"https:\/\/entretormentas.com\/index.php?rest_route=%2Fwp%2Fv2%2Fmedia&parent=17919"}],"wp:term":[{"taxonomy":"category","embeddable":true,"href":"https:\/\/entretormentas.com\/index.php?rest_route=%2Fwp%2Fv2%2Fcategories&post=17919"},{"taxonomy":"post_tag","embeddable":true,"href":"https:\/\/entretormentas.com\/index.php?rest_route=%2Fwp%2Fv2%2Ftags&post=17919"}],"curies":[{"name":"wp","href":"https:\/\/api.w.org\/{rel}","templated":true}]}}