{"id":17923,"date":"2025-06-13T10:46:01","date_gmt":"2025-06-13T08:46:01","guid":{"rendered":"https:\/\/entretormentas.com\/?p=17923"},"modified":"2025-06-13T10:46:02","modified_gmt":"2025-06-13T08:46:02","slug":"busca-su-reeleccion-gustavo-fernandez-inscribio-su-nombre-como-candidato-de-la-oposicion-a-san-francisco","status":"publish","type":"post","link":"https:\/\/entretormentas.com\/busca-su-reeleccion-gustavo-fernandez-inscribio-su-nombre-como-candidato-de-la-oposicion-a-san-francisco\/","title":{"rendered":"\u00a1BUSCA SU REELECCI\u00d3N! Gustavo Fern\u00e1ndez inscribi\u00f3 su nombre como candidato de la oposici\u00f3n a San Francisco"},"content":{"rendered":"\n<p><strong>ENTRE TORMENTAS. <\/strong>Este jueves se concret\u00f3 la inscripci\u00f3n del primer aspirante a la Alcald\u00eda de San Francisco con miras a las elecciones municipales que se desarrollar\u00e1n el venidero 27 de julio. Se trata del actual Alcalde, Gustavo Fern\u00e1ndez, quien ir\u00e1 en busca de su reelecci\u00f3n por el partido Un Nuevo Tiempo (UNT), Uni\u00f3n y Cambio y la Alianza del L\u00e1piz.<\/p>\n\n\n\n<p>La noticia se confirm\u00f3 a trav\u00e9s de las redes sociales del actual mandatario municipal con el siguiente mensaje: \u00ab\u200e\u00a1Aj\u00e1, mi gente! El alcalde Gustavo Fern\u00e1ndez ya est\u00e1 oficialmente inscrito pa\u2019 seguir al frente de San Francisco. Aqu\u00ed no se retrocede, \u00a1tenemos mucho m\u00e1s futuro que pasado y vamos con todo, por la gente y con el coraz\u00f3n!\u00bb.<\/p>\n\n\n\n<p>Fern\u00e1ndez lleg\u00f3 a la Alcald\u00eda sure\u00f1o en diciembre del 2021 con \u00e9l compromiso de \u00abgobernar para el bien\u00bb, eslogan que puso en pr\u00e1ctica de inmediato y que dej\u00f3 atr\u00e1s el olvido gubernamental; adem\u00e1s de regresar la confianza a los sanfranciscanos, quienes se han beneficiado de logros en materia de infraestructura, desarrollo social y salud, con \u00abEn buenas manos\u00bb, el \u00fanico programa quir\u00fargico gratuito del pa\u00eds desarrollado desde una Alcald\u00eda.<br><strong><em>ET \/ Gabriel Sthormes<\/em><\/strong><\/p>\n","protected":false},"excerpt":{"rendered":"<p>ENTRE TORMENTAS. Este jueves se concret\u00f3 la inscripci\u00f3n del primer aspirante a la Alcald\u00eda de&#8230;<\/p>\n","protected":false},"author":2,"featured_media":17924,"comment_status":"closed","ping_status":"open","sticky":false,"template":"","format":"standard","meta":{"footnotes":""},"categories":[56,1],"tags":[],"class_list":["post-17923","post","type-post","status-publish","format-standard","has-post-thumbnail","hentry","category-destacadas","category-regionales"],"_links":{"self":[{"href":"https:\/\/entretormentas.com\/index.php?rest_route=\/wp\/v2\/posts\/17923","targetHints":{"allow":["GET"]}}],"collection":[{"href":"https:\/\/entretormentas.com\/index.php?rest_route=\/wp\/v2\/posts"}],"about":[{"href":"https:\/\/entretormentas.com\/index.php?rest_route=\/wp\/v2\/types\/post"}],"author":[{"embeddable":true,"href":"https:\/\/entretormentas.com\/index.php?rest_route=\/wp\/v2\/users\/2"}],"replies":[{"embeddable":true,"href":"https:\/\/entretormentas.com\/index.php?rest_route=%2Fwp%2Fv2%2Fcomments&post=17923"}],"version-history":[{"count":1,"href":"https:\/\/entretormentas.com\/index.php?rest_route=\/wp\/v2\/posts\/17923\/revisions"}],"predecessor-version":[{"id":17925,"href":"https:\/\/entretormentas.com\/index.php?rest_route=\/wp\/v2\/posts\/17923\/revisions\/17925"}],"wp:featuredmedia":[{"embeddable":true,"href":"https:\/\/entretormentas.com\/index.php?rest_route=\/wp\/v2\/media\/17924"}],"wp:attachment":[{"href":"https:\/\/entretormentas.com\/index.php?rest_route=%2Fwp%2Fv2%2Fmedia&parent=17923"}],"wp:term":[{"taxonomy":"category","embeddable":true,"href":"https:\/\/entretormentas.com\/index.php?rest_route=%2Fwp%2Fv2%2Fcategories&post=17923"},{"taxonomy":"post_tag","embeddable":true,"href":"https:\/\/entretormentas.com\/index.php?rest_route=%2Fwp%2Fv2%2Ftags&post=17923"}],"curies":[{"name":"wp","href":"https:\/\/api.w.org\/{rel}","templated":true}]}}