{"id":17934,"date":"2025-06-14T10:22:23","date_gmt":"2025-06-14T08:22:23","guid":{"rendered":"https:\/\/entretormentas.com\/?p=17934"},"modified":"2025-06-14T10:22:23","modified_gmt":"2025-06-14T08:22:23","slug":"para-el-periodo-2025-2027-electa-nueva-junta-directiva-de-fedecamaras-zulia","status":"publish","type":"post","link":"https:\/\/entretormentas.com\/para-el-periodo-2025-2027-electa-nueva-junta-directiva-de-fedecamaras-zulia\/","title":{"rendered":"\u00a1PARA EL PER\u00cdODO 2025-2027! Electa nueva junta directiva de Fedec\u00e1maras Zulia"},"content":{"rendered":"\n<p><strong>ENTRE TORMENTAS.<\/strong> En el marco de la Asamblea Anual Ordinaria de la Federaci\u00f3n de C\u00e1maras y Asociaciones de Comercio del estado Zulia (Fedec\u00e1maras Zulia) se llev\u00f3 a cabo este jueves 12 de junio la juramentaci\u00f3n de la nueva junta directiva de tan importante organizaci\u00f3n empresarial, correspondiente al periodo 2025-2027. El evento se desarroll\u00f3 en las instalaciones del sal\u00f3n Caron\u00ed del Hotel Tibisay de Maracaibo.<\/p>\n\n\n\n<p>El acto fue presidido por Ad\u00e1n Celis Michelena, presidente nacional de Fedec\u00e1maras Venezuela y Ender Pedraja Carly, presidente de la Comisi\u00f3n Electoral de la Federaci\u00f3n. Es de destacar, que la elecci\u00f3n de la nueva junta directiva fue hist\u00f3rica con la presencia de representantes de 21 c\u00e1maras bases.<\/p>\n\n\n\n<figure class=\"wp-block-image size-full\"><img fetchpriority=\"high\" decoding=\"async\" width=\"768\" height=\"488\" src=\"https:\/\/entretormentas.com\/wp-content\/uploads\/2025\/06\/fedezulia2.jpeg\" alt=\"\" class=\"wp-image-17935\" srcset=\"https:\/\/entretormentas.com\/wp-content\/uploads\/2025\/06\/fedezulia2.jpeg 768w, https:\/\/entretormentas.com\/wp-content\/uploads\/2025\/06\/fedezulia2-300x191.jpeg 300w\" sizes=\"(max-width: 768px) 100vw, 768px\" \/><\/figure>\n\n\n\n<p>Paul M\u00e1rquez, m\u00e9dico veterinario egresado de la ilustre Universidad del Zulia (LUZ) y l\u00edder gremial con una destacada trayectoria en el sector ganadero zuliano, qued\u00f3 a cargo de la presidencia y estar\u00e1 acompa\u00f1ado por la abogada, Damiana Villalobos, primera vicepresidenta, el ingeniero industrial, Est\u00e9fano Lo Bracce, segundo vicepresidente y el experto en ciencias y tecnolog\u00eda pecuaria ,Avelino Mor\u00e1n como tesorero.<\/p>\n\n\n\n<p>M\u00e1rquez, afirm\u00f3 el compromiso de su equipo de continuar fortaleciendo la excelente gesti\u00f3n que se ha realizado en Fedec\u00e1maras Zulia y a su vez darle una particularidad propia mediante una gu\u00eda ante el importante trabajo ejecutado por sus antecesores. \u201cEl reto es complejo para obtener los resultados esperados, tenemos cuatro puntos cardinales del estado Zulia como lo es la Villa del Rosario, Cabimas, Maracaibo y Machiques lo cual tiene una trascendencia para la participaci\u00f3n de todos los sectores\u201d.<\/p>\n\n\n\n<figure class=\"wp-block-image size-full\"><img decoding=\"async\" width=\"768\" height=\"466\" src=\"https:\/\/entretormentas.com\/wp-content\/uploads\/2025\/06\/fedezulia3.jpeg\" alt=\"\" class=\"wp-image-17936\" srcset=\"https:\/\/entretormentas.com\/wp-content\/uploads\/2025\/06\/fedezulia3.jpeg 768w, https:\/\/entretormentas.com\/wp-content\/uploads\/2025\/06\/fedezulia3-300x182.jpeg 300w\" sizes=\"(max-width: 768px) 100vw, 768px\" \/><\/figure>\n\n\n\n<p>Entre sus propuestas destacan desarrollar agendas individuales para cada sector econ\u00f3mico para as\u00ed tratar temas espec\u00edficos, conocer y buscar la v\u00eda para solucionar los problemas. \u201cEnte todos debemos tratar de incidir para lograr la discusi\u00f3n de problemas transversales a todos los servicios p\u00fablicos tales como: impuestos, combustible, financiamiento, sistema el\u00e9ctrico\u201d, afirm\u00f3 recordando que el sector privado no se ha mantenido en la queja y ha hecho propuestas entre ellas una por parte del presidente de Fedec\u00e1maras nacional, Ad\u00e1n Celis a la vicepresidenta de Venezuela, Delcy Rodr\u00edguez en San Crist\u00f3bal en el 2024, para trabaja el tema el el\u00e9ctrico en el pa\u00eds.<br><strong><em>ET \/ El Regional del Zulia<\/em><\/strong><\/p>\n\n\n\n<p><\/p>\n","protected":false},"excerpt":{"rendered":"<p>ENTRE TORMENTAS. En el marco de la Asamblea Anual Ordinaria de la Federaci\u00f3n de C\u00e1maras&#8230;<\/p>\n","protected":false},"author":2,"featured_media":17937,"comment_status":"closed","ping_status":"open","sticky":false,"template":"","format":"standard","meta":{"footnotes":""},"categories":[57,1],"tags":[],"class_list":["post-17934","post","type-post","status-publish","format-standard","has-post-thumbnail","hentry","category-actualidad","category-regionales"],"_links":{"self":[{"href":"https:\/\/entretormentas.com\/index.php?rest_route=\/wp\/v2\/posts\/17934","targetHints":{"allow":["GET"]}}],"collection":[{"href":"https:\/\/entretormentas.com\/index.php?rest_route=\/wp\/v2\/posts"}],"about":[{"href":"https:\/\/entretormentas.com\/index.php?rest_route=\/wp\/v2\/types\/post"}],"author":[{"embeddable":true,"href":"https:\/\/entretormentas.com\/index.php?rest_route=\/wp\/v2\/users\/2"}],"replies":[{"embeddable":true,"href":"https:\/\/entretormentas.com\/index.php?rest_route=%2Fwp%2Fv2%2Fcomments&post=17934"}],"version-history":[{"count":1,"href":"https:\/\/entretormentas.com\/index.php?rest_route=\/wp\/v2\/posts\/17934\/revisions"}],"predecessor-version":[{"id":17938,"href":"https:\/\/entretormentas.com\/index.php?rest_route=\/wp\/v2\/posts\/17934\/revisions\/17938"}],"wp:featuredmedia":[{"embeddable":true,"href":"https:\/\/entretormentas.com\/index.php?rest_route=\/wp\/v2\/media\/17937"}],"wp:attachment":[{"href":"https:\/\/entretormentas.com\/index.php?rest_route=%2Fwp%2Fv2%2Fmedia&parent=17934"}],"wp:term":[{"taxonomy":"category","embeddable":true,"href":"https:\/\/entretormentas.com\/index.php?rest_route=%2Fwp%2Fv2%2Fcategories&post=17934"},{"taxonomy":"post_tag","embeddable":true,"href":"https:\/\/entretormentas.com\/index.php?rest_route=%2Fwp%2Fv2%2Ftags&post=17934"}],"curies":[{"name":"wp","href":"https:\/\/api.w.org\/{rel}","templated":true}]}}