{"id":17939,"date":"2025-06-14T10:26:35","date_gmt":"2025-06-14T08:26:35","guid":{"rendered":"https:\/\/entretormentas.com\/?p=17939"},"modified":"2025-06-14T10:26:36","modified_gmt":"2025-06-14T08:26:36","slug":"alcaldia-activa-arranca-tercera-fase-del-proyecto-de-vialidad-en-lago-azul","status":"publish","type":"post","link":"https:\/\/entretormentas.com\/alcaldia-activa-arranca-tercera-fase-del-proyecto-de-vialidad-en-lago-azul\/","title":{"rendered":"\u00a1ALCALD\u00cdA ACTIVA! Arranca tercera fase del proyecto de vialidad en Lago Azul"},"content":{"rendered":"\n<p><strong>ENTRE TORMENTAS. <\/strong>La Alcald\u00eda de Maracaibo, a trav\u00e9s de la Direcci\u00f3n de Ingenier\u00eda Municipal, arranc\u00f3 la tarde de este jueves 12 de junio, la tercera y \u00faltima fase del proyecto de asfaltado en Lago Azul, sector Sabaneta, parroquia Manuel Dagnino. El proyecto beneficia directamente a 12 mil habitantes de la zona.<\/p>\n\n\n\n<p>En esta \u00faltima fase del proyecto se intervendr\u00e1n 2 kil\u00f3metros de vialidad. Se colocar\u00e1n 300 toneladas de asfalto tipo 3, desde la avenida 44, v\u00eda principal de la urbanizaci\u00f3n Lago Azul, hasta Mi Post\u00edn. El proyecto que ya conecta la calle 100 Sabaneta hasta la intersecci\u00f3n de los edificios de la urbanizaci\u00f3n Lago Azul, incluye demarcaci\u00f3n y se\u00f1alizaci\u00f3n con el objetivo principal de optimizar la fluidez del tr\u00e1fico, garantizar la seguridad de los conductores y peatones, y mejorar la calidad de vida de los residentes.<\/p>\n\n\n\n<figure class=\"wp-block-image size-large\"><img fetchpriority=\"high\" decoding=\"async\" width=\"1024\" height=\"682\" src=\"https:\/\/entretormentas.com\/wp-content\/uploads\/2025\/06\/lagoazul2-1024x682.jpeg\" alt=\"\" class=\"wp-image-17940\" srcset=\"https:\/\/entretormentas.com\/wp-content\/uploads\/2025\/06\/lagoazul2-1024x682.jpeg 1024w, https:\/\/entretormentas.com\/wp-content\/uploads\/2025\/06\/lagoazul2-300x200.jpeg 300w, https:\/\/entretormentas.com\/wp-content\/uploads\/2025\/06\/lagoazul2-768x512.jpeg 768w, https:\/\/entretormentas.com\/wp-content\/uploads\/2025\/06\/lagoazul2-1536x1024.jpeg 1536w, https:\/\/entretormentas.com\/wp-content\/uploads\/2025\/06\/lagoazul2-2048x1365.jpeg 2048w\" sizes=\"(max-width: 1024px) 100vw, 1024px\" \/><\/figure>\n\n\n\n<p>Carlos Guanipa, director del DIM, destac\u00f3 la importancia de este proyecto durante el arranque de las obras. \u00abEstamos cumpliendo con nuestro compromiso de transformar Maracaibo. El proyecto de Lago Azul es una muestra de que, con planificaci\u00f3n y esfuerzo, podemos recuperar el brillo de nuestras calles y avenidas\u00bb.<\/p>\n\n\n\n<p>Asimismo, detall\u00f3 que con las fases anteriores del proyecto ya han logrado la rehabilitaci\u00f3n de varias calles, impactando positivamente en la movilidad de la zona.<\/p>\n\n\n\n<figure class=\"wp-block-image size-large\"><img decoding=\"async\" width=\"1024\" height=\"682\" src=\"https:\/\/entretormentas.com\/wp-content\/uploads\/2025\/06\/lagoazul3-1024x682.jpeg\" alt=\"\" class=\"wp-image-17941\" srcset=\"https:\/\/entretormentas.com\/wp-content\/uploads\/2025\/06\/lagoazul3-1024x682.jpeg 1024w, https:\/\/entretormentas.com\/wp-content\/uploads\/2025\/06\/lagoazul3-300x200.jpeg 300w, https:\/\/entretormentas.com\/wp-content\/uploads\/2025\/06\/lagoazul3-768x512.jpeg 768w, https:\/\/entretormentas.com\/wp-content\/uploads\/2025\/06\/lagoazul3-1536x1024.jpeg 1536w, https:\/\/entretormentas.com\/wp-content\/uploads\/2025\/06\/lagoazul3-2048x1365.jpeg 2048w\" sizes=\"(max-width: 1024px) 100vw, 1024px\" \/><\/figure>\n\n\n\n<p>Fran Romero, ch\u00f3fer de carros por puesto de la l\u00ednea de Sabaneta, coment\u00f3 que hac\u00eda falta un asfaltado en la zona debido al deterioro de la vialidad. \u201cHac\u00edan falta estas obras en la zona. Muy bueno esto por parte de la Alcald\u00eda de Maracaibo. Poco a poco han restituido y mejorado la vialidad en su totalidad, solo faltan unas calles, pero se ve la diferencia a a\u00f1os anteriores\u201d, destac\u00f3.<\/p>\n\n\n\n<p>Edwin Morales, barbero de 29 a\u00f1os, explic\u00f3 que tiene cuatro meses de haber regresado a la ciudad y que el cambio en la vialidad es \u201cincomparable\u201d. \u201cYo vivo aqu\u00ed en Lago Azul desde ni\u00f1o y me fui del pa\u00eds y las calles estaba terribles. Volv\u00ed hace cuatro meses y se nota mucho la diferencia. Hasta la plaza la arreglaron y la iluminaron. Esto me alegra much\u00edsimo, nos llena de tranquilidad y ganas de seguir apostando por la ciudad\u201d.<br><strong><em>ET \/ DCI Alcald\u00eda de Maracaibo<\/em><\/strong><\/p>\n\n\n\n<p><\/p>\n","protected":false},"excerpt":{"rendered":"<p>ENTRE TORMENTAS. La Alcald\u00eda de Maracaibo, a trav\u00e9s de la Direcci\u00f3n de Ingenier\u00eda Municipal, arranc\u00f3&#8230;<\/p>\n","protected":false},"author":2,"featured_media":17942,"comment_status":"closed","ping_status":"open","sticky":false,"template":"","format":"standard","meta":{"footnotes":""},"categories":[57,1],"tags":[],"class_list":["post-17939","post","type-post","status-publish","format-standard","has-post-thumbnail","hentry","category-actualidad","category-regionales"],"_links":{"self":[{"href":"https:\/\/entretormentas.com\/index.php?rest_route=\/wp\/v2\/posts\/17939","targetHints":{"allow":["GET"]}}],"collection":[{"href":"https:\/\/entretormentas.com\/index.php?rest_route=\/wp\/v2\/posts"}],"about":[{"href":"https:\/\/entretormentas.com\/index.php?rest_route=\/wp\/v2\/types\/post"}],"author":[{"embeddable":true,"href":"https:\/\/entretormentas.com\/index.php?rest_route=\/wp\/v2\/users\/2"}],"replies":[{"embeddable":true,"href":"https:\/\/entretormentas.com\/index.php?rest_route=%2Fwp%2Fv2%2Fcomments&post=17939"}],"version-history":[{"count":1,"href":"https:\/\/entretormentas.com\/index.php?rest_route=\/wp\/v2\/posts\/17939\/revisions"}],"predecessor-version":[{"id":17943,"href":"https:\/\/entretormentas.com\/index.php?rest_route=\/wp\/v2\/posts\/17939\/revisions\/17943"}],"wp:featuredmedia":[{"embeddable":true,"href":"https:\/\/entretormentas.com\/index.php?rest_route=\/wp\/v2\/media\/17942"}],"wp:attachment":[{"href":"https:\/\/entretormentas.com\/index.php?rest_route=%2Fwp%2Fv2%2Fmedia&parent=17939"}],"wp:term":[{"taxonomy":"category","embeddable":true,"href":"https:\/\/entretormentas.com\/index.php?rest_route=%2Fwp%2Fv2%2Fcategories&post=17939"},{"taxonomy":"post_tag","embeddable":true,"href":"https:\/\/entretormentas.com\/index.php?rest_route=%2Fwp%2Fv2%2Ftags&post=17939"}],"curies":[{"name":"wp","href":"https:\/\/api.w.org\/{rel}","templated":true}]}}