{"id":17944,"date":"2025-06-14T10:30:41","date_gmt":"2025-06-14T08:30:41","guid":{"rendered":"https:\/\/entretormentas.com\/?p=17944"},"modified":"2025-06-14T10:30:42","modified_gmt":"2025-06-14T08:30:42","slug":"en-san-francisco-alcalde-gustavo-fernandez-inaugura-sexta-casa-cultural-daniel-mendez","status":"publish","type":"post","link":"https:\/\/entretormentas.com\/en-san-francisco-alcalde-gustavo-fernandez-inaugura-sexta-casa-cultural-daniel-mendez\/","title":{"rendered":"\u00a1EN SAN FRANCISCO! Alcalde Gustavo Fern\u00e1ndez inaugura sexta casa cultural \u201cDaniel M\u00e9ndez\u201d"},"content":{"rendered":"\n<p><strong>ENTRE TORMENTAS. <\/strong>La alcald\u00eda del municipio San Francisco contin\u00faa brindando beneficios a los habitantes sure\u00f1os, a trav\u00e9s de la inauguraci\u00f3n de la sexta casa cultural \u201cDaniel M\u00e9ndez\u201d en convenio con la Unidad Educativa Privada Luz del Saber, ubicada en el sector San Ram\u00f3n de la parroquia San Francisco, en donde se dictar\u00e1n disciplinas como danzas, artes pl\u00e1sticas, teatro infantil, teclado, guitarra, cuatro, percusi\u00f3n y voces.<\/p>\n\n\n\n<p>El alcalde Gustavo Fern\u00e1ndez, acompa\u00f1ado de la primera dama del municipio, Franciela N\u00fa\u00f1ez de Fern\u00e1ndez, afirm\u00f3 en esta actividad inaugural, que la cultura se debe seguir impulsando en todo el municipio San Francisco. \u201cUna sociedad culta est\u00e1 destinada al \u00e9xito, a la prosperidad, al futuro, por eso debemos seguir sembrando la educaci\u00f3n y cultura ya que es parte del proceso educativo del ser humano\u201d, destac\u00f3 Fern\u00e1ndez.<\/p>\n\n\n\n<figure class=\"wp-block-image size-large\"><img fetchpriority=\"high\" decoding=\"async\" width=\"1024\" height=\"640\" src=\"https:\/\/entretormentas.com\/wp-content\/uploads\/2025\/06\/casacultural2-1024x640.jpeg\" alt=\"\" class=\"wp-image-17945\" srcset=\"https:\/\/entretormentas.com\/wp-content\/uploads\/2025\/06\/casacultural2-1024x640.jpeg 1024w, https:\/\/entretormentas.com\/wp-content\/uploads\/2025\/06\/casacultural2-300x188.jpeg 300w, https:\/\/entretormentas.com\/wp-content\/uploads\/2025\/06\/casacultural2-768x480.jpeg 768w, https:\/\/entretormentas.com\/wp-content\/uploads\/2025\/06\/casacultural2-800x500.jpeg 800w, https:\/\/entretormentas.com\/wp-content\/uploads\/2025\/06\/casacultural2-400x250.jpeg 400w, https:\/\/entretormentas.com\/wp-content\/uploads\/2025\/06\/casacultural2.jpeg 1280w\" sizes=\"(max-width: 1024px) 100vw, 1024px\" \/><\/figure>\n\n\n\n<p>Adem\u00e1s, el Titular Municipal manifest\u00f3 que es importante continuar avanzando y sembrando este tipo de iniciativas culturales en los cuatros puntos cardinales de la geograf\u00eda del municipio San Francisco. \u201cGracias a Ra\u00fal Fern\u00e1ndez y al equipo que lo acompa\u00f1a frente al Instituto P\u00fablico Municipal de la Cultura, porque sin ustedes esto no pudiera ser una realidad\u201d, indic\u00f3 el alcalde.<\/p>\n\n\n\n<p>Ra\u00fal Fern\u00e1ndez, presidente del Instituto P\u00fablico Municipal de Cultura del municipio San Francisco, record\u00f3 que, desde el inicio de la gesti\u00f3n, poco a poco, fueron recibiendo a ni\u00f1os que le dieron brillo nuevamente al Instituto, \u201cpero a trav\u00e9s de la creaci\u00f3n de las casas culturales en las diferentes parroquias de San Francisco se acercaron a cada uno de los habitantes sure\u00f1os\u00bb.<\/p>\n\n\n\n<figure class=\"wp-block-image size-large\"><img decoding=\"async\" width=\"1024\" height=\"680\" src=\"https:\/\/entretormentas.com\/wp-content\/uploads\/2025\/06\/casacultural3-1024x680.jpeg\" alt=\"\" class=\"wp-image-17946\" srcset=\"https:\/\/entretormentas.com\/wp-content\/uploads\/2025\/06\/casacultural3-1024x680.jpeg 1024w, https:\/\/entretormentas.com\/wp-content\/uploads\/2025\/06\/casacultural3-300x199.jpeg 300w, https:\/\/entretormentas.com\/wp-content\/uploads\/2025\/06\/casacultural3-768x510.jpeg 768w, https:\/\/entretormentas.com\/wp-content\/uploads\/2025\/06\/casacultural3.jpeg 1280w\" sizes=\"(max-width: 1024px) 100vw, 1024px\" \/><\/figure>\n\n\n\n<p>Destac\u00f3 que: \u00abNosotros rescatamos la cultura en el municipio, cuando se gobierna para el bien podemos lograr este tipo de cosas, yo le agradezco much\u00edsimo al alcalde Gustavo Fern\u00e1ndez por el apoyo a la cultura en nuestra querida ciudad sanfranciscana\u201d.<\/p>\n\n\n\n<p>Con la creaci\u00f3n de la casa cultural \u201cDaniel M\u00e9ndez\u201d se ampl\u00eda el proyecto formativo y educativo destinado para todos los ni\u00f1os de San Francisco y se suma al trabajo que se viene desarrollando desde las casas culturales \u201cJuan de Dios Mart\u00ednez\u201d, \u201cAltagracia V\u00edlchez\u201d, \u201cLula L\u00f3pez\u201d, \u00abLuisa Higuera\u201d y \u201c\u00c1ngel Fuenmayor\u201d, en donde hacen vida unos 1200 alumnos practicantes de distintas disciplinas.<br><strong><em>ET \/ Alcald\u00eda de San Francisco<\/em><\/strong><\/p>\n","protected":false},"excerpt":{"rendered":"<p>ENTRE TORMENTAS. La alcald\u00eda del municipio San Francisco contin\u00faa brindando beneficios a los habitantes sure\u00f1os,&#8230;<\/p>\n","protected":false},"author":2,"featured_media":17947,"comment_status":"closed","ping_status":"open","sticky":false,"template":"","format":"standard","meta":{"footnotes":""},"categories":[57,1],"tags":[],"class_list":["post-17944","post","type-post","status-publish","format-standard","has-post-thumbnail","hentry","category-actualidad","category-regionales"],"_links":{"self":[{"href":"https:\/\/entretormentas.com\/index.php?rest_route=\/wp\/v2\/posts\/17944","targetHints":{"allow":["GET"]}}],"collection":[{"href":"https:\/\/entretormentas.com\/index.php?rest_route=\/wp\/v2\/posts"}],"about":[{"href":"https:\/\/entretormentas.com\/index.php?rest_route=\/wp\/v2\/types\/post"}],"author":[{"embeddable":true,"href":"https:\/\/entretormentas.com\/index.php?rest_route=\/wp\/v2\/users\/2"}],"replies":[{"embeddable":true,"href":"https:\/\/entretormentas.com\/index.php?rest_route=%2Fwp%2Fv2%2Fcomments&post=17944"}],"version-history":[{"count":1,"href":"https:\/\/entretormentas.com\/index.php?rest_route=\/wp\/v2\/posts\/17944\/revisions"}],"predecessor-version":[{"id":17948,"href":"https:\/\/entretormentas.com\/index.php?rest_route=\/wp\/v2\/posts\/17944\/revisions\/17948"}],"wp:featuredmedia":[{"embeddable":true,"href":"https:\/\/entretormentas.com\/index.php?rest_route=\/wp\/v2\/media\/17947"}],"wp:attachment":[{"href":"https:\/\/entretormentas.com\/index.php?rest_route=%2Fwp%2Fv2%2Fmedia&parent=17944"}],"wp:term":[{"taxonomy":"category","embeddable":true,"href":"https:\/\/entretormentas.com\/index.php?rest_route=%2Fwp%2Fv2%2Fcategories&post=17944"},{"taxonomy":"post_tag","embeddable":true,"href":"https:\/\/entretormentas.com\/index.php?rest_route=%2Fwp%2Fv2%2Ftags&post=17944"}],"curies":[{"name":"wp","href":"https:\/\/api.w.org\/{rel}","templated":true}]}}