{"id":17958,"date":"2025-06-14T10:46:31","date_gmt":"2025-06-14T08:46:31","guid":{"rendered":"https:\/\/entretormentas.com\/?p=17958"},"modified":"2025-06-14T10:46:31","modified_gmt":"2025-06-14T08:46:31","slug":"anuncio-oficial-canonizacion-de-jose-gregorio-hernandez-y-de-carmen-rendiles-sera-el-19-oct","status":"publish","type":"post","link":"https:\/\/entretormentas.com\/anuncio-oficial-canonizacion-de-jose-gregorio-hernandez-y-de-carmen-rendiles-sera-el-19-oct\/","title":{"rendered":"\u00a1ANUNCIO OFICIAL! Canonizaci\u00f3n de Jos\u00e9 Gregorio Hern\u00e1ndez y de Carmen Rendiles ser\u00e1 el 19-Oct"},"content":{"rendered":"\n<p><strong>ENTRE TORMENTAS.<\/strong> La ceremonia de canonizaci\u00f3n oficiada por el papa Le\u00f3n XIV de los que ser\u00e1n los dos primeros santos de Venezuela, el m\u00e9dico laico Jos\u00e9 Gregorio Hern\u00e1ndez y la religiosa Carmen Rendiles, ser\u00e1 el 19 de octubre junto con otros beatos en el Vaticano.<\/p>\n\n\n\n<p>As\u00ed lo decidi\u00f3 el pont\u00edfice estadounidense y con pasaporte peruano en el primer consistorio que celebr\u00f3 este viernes para la elecci\u00f3n de las fechas de canonizaci\u00f3n de varios beatos, inform\u00f3 la oficina de prensa del Vaticano.<\/p>\n\n\n\n<p>El pasado 8 de mayo, el presidente de Venezuela, Nicol\u00e1s Maduro, pidi\u00f3 al nuevo papa, Le\u00f3n XIV, la \u00abpronta concreci\u00f3n\u00bb de las canonizaciones de Hern\u00e1ndez y Rendiles, aprobadas por el fallecido pont\u00edfice Francisco en febrero y marzo pasados, respectivamente.<br><strong><em>ET \/ EFE<\/em><\/strong><\/p>\n","protected":false},"excerpt":{"rendered":"<p>ENTRE TORMENTAS. La ceremonia de canonizaci\u00f3n oficiada por el papa Le\u00f3n XIV de los que&#8230;<\/p>\n","protected":false},"author":2,"featured_media":17959,"comment_status":"closed","ping_status":"open","sticky":false,"template":"","format":"standard","meta":{"footnotes":""},"categories":[56,49],"tags":[],"class_list":["post-17958","post","type-post","status-publish","format-standard","has-post-thumbnail","hentry","category-destacadas","category-nacionales"],"_links":{"self":[{"href":"https:\/\/entretormentas.com\/index.php?rest_route=\/wp\/v2\/posts\/17958","targetHints":{"allow":["GET"]}}],"collection":[{"href":"https:\/\/entretormentas.com\/index.php?rest_route=\/wp\/v2\/posts"}],"about":[{"href":"https:\/\/entretormentas.com\/index.php?rest_route=\/wp\/v2\/types\/post"}],"author":[{"embeddable":true,"href":"https:\/\/entretormentas.com\/index.php?rest_route=\/wp\/v2\/users\/2"}],"replies":[{"embeddable":true,"href":"https:\/\/entretormentas.com\/index.php?rest_route=%2Fwp%2Fv2%2Fcomments&post=17958"}],"version-history":[{"count":1,"href":"https:\/\/entretormentas.com\/index.php?rest_route=\/wp\/v2\/posts\/17958\/revisions"}],"predecessor-version":[{"id":17960,"href":"https:\/\/entretormentas.com\/index.php?rest_route=\/wp\/v2\/posts\/17958\/revisions\/17960"}],"wp:featuredmedia":[{"embeddable":true,"href":"https:\/\/entretormentas.com\/index.php?rest_route=\/wp\/v2\/media\/17959"}],"wp:attachment":[{"href":"https:\/\/entretormentas.com\/index.php?rest_route=%2Fwp%2Fv2%2Fmedia&parent=17958"}],"wp:term":[{"taxonomy":"category","embeddable":true,"href":"https:\/\/entretormentas.com\/index.php?rest_route=%2Fwp%2Fv2%2Fcategories&post=17958"},{"taxonomy":"post_tag","embeddable":true,"href":"https:\/\/entretormentas.com\/index.php?rest_route=%2Fwp%2Fv2%2Ftags&post=17958"}],"curies":[{"name":"wp","href":"https:\/\/api.w.org\/{rel}","templated":true}]}}