{"id":17970,"date":"2025-06-15T13:21:36","date_gmt":"2025-06-15T11:21:36","guid":{"rendered":"https:\/\/entretormentas.com\/?p=17970"},"modified":"2025-06-15T13:21:36","modified_gmt":"2025-06-15T11:21:36","slug":"creciendo-inidi-inaugura-nuevo-espacio-de-formacion-indigena-en-maracaibo","status":"publish","type":"post","link":"https:\/\/entretormentas.com\/creciendo-inidi-inaugura-nuevo-espacio-de-formacion-indigena-en-maracaibo\/","title":{"rendered":"\u00a1CRECIENDO! INIDI inaugura nuevo espacio de formaci\u00f3n ind\u00edgena en Maracaibo"},"content":{"rendered":"\n<p><strong>ENTRE TORMENTAS.<\/strong> El Instituto Nacional de Idiomas Ind\u00edgenas bajo la direcci\u00f3n de Jorge Pocaterra contin\u00faa impulsando las pol\u00edticas de revitalizaci\u00f3n de los Idiomas ind\u00edgenas. En tal sentido fue inaugurado un Nicho Etnoling\u00fc\u00edstico en la parroquia Idelfonso V\u00e1squez del municipio Maracaibo espec\u00edficamente en el Barrio Catatumbo para ofrecer la ense\u00f1anza del idioma Wayuunaiki a los ni\u00f1os, ni\u00f1as y j\u00f3venes en este territorio habitado por un importante n\u00famero de familias ind\u00edgenas Wayuu.<\/p>\n\n\n\n<p>El Nicho Etnoling\u00fc\u00edstico denominado \u00abNuchonnii Maleiwa\u00bb cuenta con el acompa\u00f1amiento de la Divisi\u00f3n Zulia del INIDI encabezada por la profesora Leonor Polanco a fin de consolidar el proceso de formaci\u00f3n ling\u00fc\u00edstica de los Idiomas originarios y preservar de generaci\u00f3n en generaci\u00f3n, la cultura y los saberes ancestrales los cuales debido a la transculturizaci\u00f3n pierden su uso y dominio.<\/p>\n\n\n\n<figure class=\"wp-block-image size-large\"><img fetchpriority=\"high\" decoding=\"async\" width=\"1024\" height=\"580\" src=\"https:\/\/entretormentas.com\/wp-content\/uploads\/2025\/06\/inidi2-1024x580.jpeg\" alt=\"\" class=\"wp-image-17971\" srcset=\"https:\/\/entretormentas.com\/wp-content\/uploads\/2025\/06\/inidi2-1024x580.jpeg 1024w, https:\/\/entretormentas.com\/wp-content\/uploads\/2025\/06\/inidi2-300x170.jpeg 300w, https:\/\/entretormentas.com\/wp-content\/uploads\/2025\/06\/inidi2-768x435.jpeg 768w, https:\/\/entretormentas.com\/wp-content\/uploads\/2025\/06\/inidi2.jpeg 1040w\" sizes=\"(max-width: 1024px) 100vw, 1024px\" \/><\/figure>\n\n\n\n<p>Al respecto, Leonor Polanco explic\u00f3 que el espacio formativo contar\u00e1 con la participaci\u00f3n de sabios, sabias y docentes quienes transmitir\u00e1n sus conocimientos culturales a los infantes y adolescentes que asistan al Nicho Etnoling\u00fc\u00edstico.<\/p>\n\n\n\n<p>Igualmente, la Jefa del INIDI Zulia coment\u00f3 que el Poder Popular a trav\u00e9s de los Consejos Comunales, lideres y lideresas de la comunidad tendr\u00e1n vinculaci\u00f3n directa en el Nicho Etnoling\u00fc\u00edstico para sumar herramientas al proceso de formaci\u00f3n en materia ind\u00edgena.<\/p>\n\n\n\n<p>Durante la inauguraci\u00f3n del Nicho \u00abNuchonnii Maleiwa\u00bb estuvo presente la Autoridad Nacional de los Nichos Etnoling\u00fc\u00edsticos, profesor Eddy Pocaterra, grupos culturales y representantes de la comunidad Catatumbo con el objetivo de impulsar la preservaci\u00f3n del idioma y la cultura Wayuu.<br><strong><em>ET \/ Prensa INIDI Zulia<\/em><\/strong><\/p>\n","protected":false},"excerpt":{"rendered":"<p>ENTRE TORMENTAS. El Instituto Nacional de Idiomas Ind\u00edgenas bajo la direcci\u00f3n de Jorge Pocaterra contin\u00faa&#8230;<\/p>\n","protected":false},"author":2,"featured_media":17972,"comment_status":"closed","ping_status":"open","sticky":false,"template":"","format":"standard","meta":{"footnotes":""},"categories":[57,1],"tags":[],"class_list":["post-17970","post","type-post","status-publish","format-standard","has-post-thumbnail","hentry","category-actualidad","category-regionales"],"_links":{"self":[{"href":"https:\/\/entretormentas.com\/index.php?rest_route=\/wp\/v2\/posts\/17970","targetHints":{"allow":["GET"]}}],"collection":[{"href":"https:\/\/entretormentas.com\/index.php?rest_route=\/wp\/v2\/posts"}],"about":[{"href":"https:\/\/entretormentas.com\/index.php?rest_route=\/wp\/v2\/types\/post"}],"author":[{"embeddable":true,"href":"https:\/\/entretormentas.com\/index.php?rest_route=\/wp\/v2\/users\/2"}],"replies":[{"embeddable":true,"href":"https:\/\/entretormentas.com\/index.php?rest_route=%2Fwp%2Fv2%2Fcomments&post=17970"}],"version-history":[{"count":1,"href":"https:\/\/entretormentas.com\/index.php?rest_route=\/wp\/v2\/posts\/17970\/revisions"}],"predecessor-version":[{"id":17973,"href":"https:\/\/entretormentas.com\/index.php?rest_route=\/wp\/v2\/posts\/17970\/revisions\/17973"}],"wp:featuredmedia":[{"embeddable":true,"href":"https:\/\/entretormentas.com\/index.php?rest_route=\/wp\/v2\/media\/17972"}],"wp:attachment":[{"href":"https:\/\/entretormentas.com\/index.php?rest_route=%2Fwp%2Fv2%2Fmedia&parent=17970"}],"wp:term":[{"taxonomy":"category","embeddable":true,"href":"https:\/\/entretormentas.com\/index.php?rest_route=%2Fwp%2Fv2%2Fcategories&post=17970"},{"taxonomy":"post_tag","embeddable":true,"href":"https:\/\/entretormentas.com\/index.php?rest_route=%2Fwp%2Fv2%2Ftags&post=17970"}],"curies":[{"name":"wp","href":"https:\/\/api.w.org\/{rel}","templated":true}]}}