{"id":17974,"date":"2025-06-15T13:25:15","date_gmt":"2025-06-15T11:25:15","guid":{"rendered":"https:\/\/entretormentas.com\/?p=17974"},"modified":"2025-06-15T13:25:15","modified_gmt":"2025-06-15T11:25:15","slug":"docente-y-administrativo-consejo-universitario-de-luz-se-pronuncia-por-personal-privado-de-libertad","status":"publish","type":"post","link":"https:\/\/entretormentas.com\/docente-y-administrativo-consejo-universitario-de-luz-se-pronuncia-por-personal-privado-de-libertad\/","title":{"rendered":"\u00a1DOCENTE Y ADMINISTRATIVO! Consejo Universitario de LUZ se pronuncia por personal privado de libertad"},"content":{"rendered":"\n<p><strong>ENTRE TORMENTAS. <\/strong>En sesi\u00f3n del Consejo Universitario de la Universidad del Zulia se acord\u00f3 solicitar informaci\u00f3n a las autoridades competentes y judiciales sobre el personal docente y administrativo que se encuentra privado de libertad.<\/p>\n\n\n\n<p>As\u00ed lo inform\u00f3 mediante la publicaci\u00f3n de la resoluci\u00f3n tomada este viernes en donde exige el respeto de los derechos humanos y las respectivas garant\u00edas constitucionales sobre estas personas.<\/p>\n\n\n\n<p>El comunicado contiene una selecci\u00f3n de art\u00edculos de la Constituci\u00f3n de la Rep\u00fablica Bolivariana de Venezuela donde se\u00f1alan los derechos que se le deben cumplir a los detenidos.<\/p>\n\n\n\n<p>A continuaci\u00f3n, el texto \u00edntegro firmado por la rectora Judith Aular de Dur\u00e1n y la Secretaria (e) Ixora G\u00f3mez Salazar:<\/p>\n\n\n\n<figure class=\"wp-block-image size-full\"><img fetchpriority=\"high\" decoding=\"async\" width=\"768\" height=\"994\" src=\"https:\/\/entretormentas.com\/wp-content\/uploads\/2025\/06\/consejoluz2.jpeg\" alt=\"\" class=\"wp-image-17975\" srcset=\"https:\/\/entretormentas.com\/wp-content\/uploads\/2025\/06\/consejoluz2.jpeg 768w, https:\/\/entretormentas.com\/wp-content\/uploads\/2025\/06\/consejoluz2-232x300.jpeg 232w\" sizes=\"(max-width: 768px) 100vw, 768px\" \/><\/figure>\n\n\n\n<figure class=\"wp-block-image size-full\"><img decoding=\"async\" width=\"768\" height=\"994\" src=\"https:\/\/entretormentas.com\/wp-content\/uploads\/2025\/06\/consejoluz3.jpeg\" alt=\"\" class=\"wp-image-17976\" srcset=\"https:\/\/entretormentas.com\/wp-content\/uploads\/2025\/06\/consejoluz3.jpeg 768w, https:\/\/entretormentas.com\/wp-content\/uploads\/2025\/06\/consejoluz3-232x300.jpeg 232w\" sizes=\"(max-width: 768px) 100vw, 768px\" \/><\/figure>\n\n\n\n<p><strong><em>ET \/ Nota de Prensa<\/em><\/strong><\/p>\n","protected":false},"excerpt":{"rendered":"<p>ENTRE TORMENTAS. En sesi\u00f3n del Consejo Universitario de la Universidad del Zulia se acord\u00f3 solicitar&#8230;<\/p>\n","protected":false},"author":2,"featured_media":17977,"comment_status":"closed","ping_status":"open","sticky":false,"template":"","format":"standard","meta":{"footnotes":""},"categories":[57,1],"tags":[],"class_list":["post-17974","post","type-post","status-publish","format-standard","has-post-thumbnail","hentry","category-actualidad","category-regionales"],"_links":{"self":[{"href":"https:\/\/entretormentas.com\/index.php?rest_route=\/wp\/v2\/posts\/17974","targetHints":{"allow":["GET"]}}],"collection":[{"href":"https:\/\/entretormentas.com\/index.php?rest_route=\/wp\/v2\/posts"}],"about":[{"href":"https:\/\/entretormentas.com\/index.php?rest_route=\/wp\/v2\/types\/post"}],"author":[{"embeddable":true,"href":"https:\/\/entretormentas.com\/index.php?rest_route=\/wp\/v2\/users\/2"}],"replies":[{"embeddable":true,"href":"https:\/\/entretormentas.com\/index.php?rest_route=%2Fwp%2Fv2%2Fcomments&post=17974"}],"version-history":[{"count":1,"href":"https:\/\/entretormentas.com\/index.php?rest_route=\/wp\/v2\/posts\/17974\/revisions"}],"predecessor-version":[{"id":17978,"href":"https:\/\/entretormentas.com\/index.php?rest_route=\/wp\/v2\/posts\/17974\/revisions\/17978"}],"wp:featuredmedia":[{"embeddable":true,"href":"https:\/\/entretormentas.com\/index.php?rest_route=\/wp\/v2\/media\/17977"}],"wp:attachment":[{"href":"https:\/\/entretormentas.com\/index.php?rest_route=%2Fwp%2Fv2%2Fmedia&parent=17974"}],"wp:term":[{"taxonomy":"category","embeddable":true,"href":"https:\/\/entretormentas.com\/index.php?rest_route=%2Fwp%2Fv2%2Fcategories&post=17974"},{"taxonomy":"post_tag","embeddable":true,"href":"https:\/\/entretormentas.com\/index.php?rest_route=%2Fwp%2Fv2%2Ftags&post=17974"}],"curies":[{"name":"wp","href":"https:\/\/api.w.org\/{rel}","templated":true}]}}