{"id":18011,"date":"2025-06-17T09:56:09","date_gmt":"2025-06-17T07:56:09","guid":{"rendered":"https:\/\/entretormentas.com\/?p=18011"},"modified":"2025-06-17T09:56:10","modified_gmt":"2025-06-17T07:56:10","slug":"por-las-ultimas-lluvias-recoleccion-de-desechos-solidos-sufre-retraso-en-san-francisco","status":"publish","type":"post","link":"https:\/\/entretormentas.com\/por-las-ultimas-lluvias-recoleccion-de-desechos-solidos-sufre-retraso-en-san-francisco\/","title":{"rendered":"\u00a1POR LAS \u00daLTIMAS LLUVIAS! Recolecci\u00f3n de desechos s\u00f3lidos sufre retraso en San Francisco"},"content":{"rendered":"\n<p><strong>ENTRE TORMENTAS.<\/strong> Como consecuencia de las frecuentes y prolongadas lluvias de este fin de semana, el plan rotativo de recolecci\u00f3n de desechos s\u00f3lidos domiciliarios ha sufrido un retraso por las dificultades en el acceso de las unidades recolectoras al relleno sanitario, as\u00ed<br>lo dio a conocer Carlos Calles, presidente del Instituto Municipal de Ambiente y Aseo Urbano (Imasur) de la alcald\u00eda de San Francisco.<\/p>\n\n\n\n<figure class=\"wp-block-image size-large\"><img fetchpriority=\"high\" decoding=\"async\" width=\"1024\" height=\"576\" src=\"https:\/\/entretormentas.com\/wp-content\/uploads\/2025\/06\/retraso3-1024x576.jpeg\" alt=\"\" class=\"wp-image-18012\" srcset=\"https:\/\/entretormentas.com\/wp-content\/uploads\/2025\/06\/retraso3-1024x576.jpeg 1024w, https:\/\/entretormentas.com\/wp-content\/uploads\/2025\/06\/retraso3-300x169.jpeg 300w, https:\/\/entretormentas.com\/wp-content\/uploads\/2025\/06\/retraso3-768x432.jpeg 768w, https:\/\/entretormentas.com\/wp-content\/uploads\/2025\/06\/retraso3.jpeg 1280w\" sizes=\"(max-width: 1024px) 100vw, 1024px\" \/><\/figure>\n\n\n\n<p>Calles, en compa\u00f1\u00eda de Javier Solano, director de Aseo Urbano y Domiciliario, y por disposici\u00f3n del alcalde Gustavo Fern\u00e1ndez, realiz\u00f3 este s\u00e1bado una inspecci\u00f3n para constatar la situaci\u00f3n en el relleno sanitario, ubicado en jurisdicci\u00f3n del municipio Jes\u00fas Enrique Lossada, desde donde hizo el anuncio del retraso en la recolecci\u00f3n de desechos s\u00f3lidos por las lluvias.<\/p>\n\n\n\n<p>\u201cLas torrentes precipitaciones de la noche del viernes y la ma\u00f1ana de este s\u00e1bado, han afectado nuestras operaciones\u201d, asegur\u00f3 el presidente de Imasur, recordando que el relleno sanitario es la disposici\u00f3n final de todos los desechos que se recolectan en el municipio San Francisco.<\/p>\n\n\n\n<figure class=\"wp-block-image size-large\"><img decoding=\"async\" width=\"1024\" height=\"576\" src=\"https:\/\/entretormentas.com\/wp-content\/uploads\/2025\/06\/retraso2-1024x576.jpeg\" alt=\"\" class=\"wp-image-18013\" srcset=\"https:\/\/entretormentas.com\/wp-content\/uploads\/2025\/06\/retraso2-1024x576.jpeg 1024w, https:\/\/entretormentas.com\/wp-content\/uploads\/2025\/06\/retraso2-300x169.jpeg 300w, https:\/\/entretormentas.com\/wp-content\/uploads\/2025\/06\/retraso2-768x432.jpeg 768w, https:\/\/entretormentas.com\/wp-content\/uploads\/2025\/06\/retraso2.jpeg 1280w\" sizes=\"(max-width: 1024px) 100vw, 1024px\" \/><\/figure>\n\n\n\n<p>\u201cVinimos hasta ac\u00e1 para que la ciudadan\u00eda sepa el estado en que se encuentra el relleno sanitario y el acceso a \u00e9l, y que si hoy se presenta un retraso en su sector, es por este motivo\u201d, dijo Carlos Calles al asegurar que se est\u00e1n tomando las medidas y se est\u00e1 replanificando el trabajo para que en las pr\u00f3ximas horas y d\u00edas, se pueda avanzar y recuperar lo que se ha retrasado en el servicio de aseo urbano y la recolecci\u00f3n de desechos domiciliarios.<\/p>\n\n\n\n<p>\u201cLe pedimos a todos los vecinos y a todas las comunidades de San Francisco, que resguarden sus desechos, que el<br>retraso ser\u00e1 moment\u00e1neo, como consecuencia de las lluvias\u201d, exhort\u00f3 Calles al asegurar que \u201ctenemos los compactadores, el capital humano, la capacidad y las ganas de seguir trabajando con nuestro alcalde Gustavo Fern\u00e1ndez\u201d.<br><strong><em>ET \/ Alcald\u00eda de San Francisco<\/em><\/strong><\/p>\n","protected":false},"excerpt":{"rendered":"<p>ENTRE TORMENTAS. Como consecuencia de las frecuentes y prolongadas lluvias de este fin de semana,&#8230;<\/p>\n","protected":false},"author":2,"featured_media":18014,"comment_status":"closed","ping_status":"open","sticky":false,"template":"","format":"standard","meta":{"footnotes":""},"categories":[57,1],"tags":[],"class_list":["post-18011","post","type-post","status-publish","format-standard","has-post-thumbnail","hentry","category-actualidad","category-regionales"],"_links":{"self":[{"href":"https:\/\/entretormentas.com\/index.php?rest_route=\/wp\/v2\/posts\/18011","targetHints":{"allow":["GET"]}}],"collection":[{"href":"https:\/\/entretormentas.com\/index.php?rest_route=\/wp\/v2\/posts"}],"about":[{"href":"https:\/\/entretormentas.com\/index.php?rest_route=\/wp\/v2\/types\/post"}],"author":[{"embeddable":true,"href":"https:\/\/entretormentas.com\/index.php?rest_route=\/wp\/v2\/users\/2"}],"replies":[{"embeddable":true,"href":"https:\/\/entretormentas.com\/index.php?rest_route=%2Fwp%2Fv2%2Fcomments&post=18011"}],"version-history":[{"count":1,"href":"https:\/\/entretormentas.com\/index.php?rest_route=\/wp\/v2\/posts\/18011\/revisions"}],"predecessor-version":[{"id":18015,"href":"https:\/\/entretormentas.com\/index.php?rest_route=\/wp\/v2\/posts\/18011\/revisions\/18015"}],"wp:featuredmedia":[{"embeddable":true,"href":"https:\/\/entretormentas.com\/index.php?rest_route=\/wp\/v2\/media\/18014"}],"wp:attachment":[{"href":"https:\/\/entretormentas.com\/index.php?rest_route=%2Fwp%2Fv2%2Fmedia&parent=18011"}],"wp:term":[{"taxonomy":"category","embeddable":true,"href":"https:\/\/entretormentas.com\/index.php?rest_route=%2Fwp%2Fv2%2Fcategories&post=18011"},{"taxonomy":"post_tag","embeddable":true,"href":"https:\/\/entretormentas.com\/index.php?rest_route=%2Fwp%2Fv2%2Ftags&post=18011"}],"curies":[{"name":"wp","href":"https:\/\/api.w.org\/{rel}","templated":true}]}}