{"id":18016,"date":"2025-06-17T09:58:20","date_gmt":"2025-06-17T07:58:20","guid":{"rendered":"https:\/\/entretormentas.com\/?p=18016"},"modified":"2025-06-17T09:58:20","modified_gmt":"2025-06-17T07:58:20","slug":"junto-a-los-aspirantes-a-concejales-hoy-se-inscribe-gian-carlo-di-martino-como-candidato-a-la-alcaldia-de-maracaibo","status":"publish","type":"post","link":"https:\/\/entretormentas.com\/junto-a-los-aspirantes-a-concejales-hoy-se-inscribe-gian-carlo-di-martino-como-candidato-a-la-alcaldia-de-maracaibo\/","title":{"rendered":"\u00a1JUNTO A LOS ASPIRANTES A CONCEJALES! Hoy se inscribe Gian Carlo Di Martino como candidato a la Alcald\u00eda de Maracaibo"},"content":{"rendered":"\n<p><strong>ENTRE TORMENTAS.<\/strong> A las 4:00 de la tarde de hoy martes 17 de junio se oficializar\u00e1 la inscripci\u00f3n ante CNE, de Gian Carlo Di Martino como candidato del PSUV y GPPSB a la Alcald\u00eda de Maracaibo.<br>Tambi\u00e9n est\u00e1 pautada la inscripci\u00f3n de los postulados de la tolda roja y partidos de la alianza oficialista al Concejo Municipal de Maracaibo.<\/p>\n\n\n\n<p>Dirigentes de las 18 parroquias que conforman el municipio Maracaibo, tienen la responsabilidad de acompa\u00f1ar a Di Martino para dirigir el destino de la primera ciudad de Venezuela.<\/p>\n\n\n\n<p>Las denominadas \u00abfuerzas revolucionarias\u00bb se preparan para la gran fiesta democr\u00e1tica, participativa y protag\u00f3nica del pr\u00f3ximo 27 de julio, cuando el pueblo elegir\u00e1 a sus alcaldes y concejales.<br><strong><em>ET \/ Nota de Prensa<\/em><\/strong><\/p>\n","protected":false},"excerpt":{"rendered":"<p>ENTRE TORMENTAS. A las 4:00 de la tarde de hoy martes 17 de junio se&#8230;<\/p>\n","protected":false},"author":2,"featured_media":18017,"comment_status":"closed","ping_status":"open","sticky":false,"template":"","format":"standard","meta":{"footnotes":""},"categories":[57,1],"tags":[],"class_list":["post-18016","post","type-post","status-publish","format-standard","has-post-thumbnail","hentry","category-actualidad","category-regionales"],"_links":{"self":[{"href":"https:\/\/entretormentas.com\/index.php?rest_route=\/wp\/v2\/posts\/18016","targetHints":{"allow":["GET"]}}],"collection":[{"href":"https:\/\/entretormentas.com\/index.php?rest_route=\/wp\/v2\/posts"}],"about":[{"href":"https:\/\/entretormentas.com\/index.php?rest_route=\/wp\/v2\/types\/post"}],"author":[{"embeddable":true,"href":"https:\/\/entretormentas.com\/index.php?rest_route=\/wp\/v2\/users\/2"}],"replies":[{"embeddable":true,"href":"https:\/\/entretormentas.com\/index.php?rest_route=%2Fwp%2Fv2%2Fcomments&post=18016"}],"version-history":[{"count":1,"href":"https:\/\/entretormentas.com\/index.php?rest_route=\/wp\/v2\/posts\/18016\/revisions"}],"predecessor-version":[{"id":18018,"href":"https:\/\/entretormentas.com\/index.php?rest_route=\/wp\/v2\/posts\/18016\/revisions\/18018"}],"wp:featuredmedia":[{"embeddable":true,"href":"https:\/\/entretormentas.com\/index.php?rest_route=\/wp\/v2\/media\/18017"}],"wp:attachment":[{"href":"https:\/\/entretormentas.com\/index.php?rest_route=%2Fwp%2Fv2%2Fmedia&parent=18016"}],"wp:term":[{"taxonomy":"category","embeddable":true,"href":"https:\/\/entretormentas.com\/index.php?rest_route=%2Fwp%2Fv2%2Fcategories&post=18016"},{"taxonomy":"post_tag","embeddable":true,"href":"https:\/\/entretormentas.com\/index.php?rest_route=%2Fwp%2Fv2%2Ftags&post=18016"}],"curies":[{"name":"wp","href":"https:\/\/api.w.org\/{rel}","templated":true}]}}