{"id":18019,"date":"2025-06-17T10:03:27","date_gmt":"2025-06-17T08:03:27","guid":{"rendered":"https:\/\/entretormentas.com\/?p=18019"},"modified":"2025-06-17T10:03:27","modified_gmt":"2025-06-17T08:03:27","slug":"decima-promocion-sanfranciscanos-continuan-preparandose-para-el-trabajo-con-el-programa-aprende-y-emprende","status":"publish","type":"post","link":"https:\/\/entretormentas.com\/decima-promocion-sanfranciscanos-continuan-preparandose-para-el-trabajo-con-el-programa-aprende-y-emprende\/","title":{"rendered":"\u00a1D\u00c9CIMA PROMOCI\u00d3N! Sanfranciscanos contin\u00faan prepar\u00e1ndose para el trabajo con el programa \u201cAprende y Emprende\u201d"},"content":{"rendered":"\n<p><strong>ENTRE TORMENTAS. <\/strong>Con la d\u00e9cima promoci\u00f3n del programa Aprende y Emprende se suman 104 ciudadanos del municipio San Francisco a esta iniciativa que ha capacitado a m\u00e1s de dos mil emprendedores a trabajar de forma independiente. Gracias a la gesti\u00f3n del alcalde Gustavo Fern\u00e1ndez, de la mano de la Direcci\u00f3n Municipal de Gesti\u00f3n, de los cuales el 60% han iniciado sus emprendimientos.<\/p>\n\n\n\n<p>En el acto de entrega de los certificados, el alcalde Gustavo Fern\u00e1ndez, felicit\u00f3 a Milagros Montiel, directora municipal de Gesti\u00f3n y a todo el equipo de la Secretar\u00eda Municipal, \u201cfuncionarios de alt\u00edsimo nivel, que han cambiado la forma de c\u00f3mo nos ve el ciudadano. Ustedes son protagonistas de lo que en San Francisco est\u00e1 ocurriendo\u201d. Y dirigi\u00e9ndose a los nuevos emprendedores: \u201cEsto puede llegar a convertirse en su manera de vivir de aqu\u00ed en adelante, lo que hay es que ser organizados, el secreto est\u00e1 en organizarse\u201d. Anim\u00e1ndoles a continuar dijo \u201cdecreto que ustedes van a ser grandes emprendedores, con una actividad econ\u00f3mica que les va a permitir mantener a sus familias\u201d.<\/p>\n\n\n\n<figure class=\"wp-block-image size-large\"><img fetchpriority=\"high\" decoding=\"async\" width=\"1024\" height=\"707\" src=\"https:\/\/entretormentas.com\/wp-content\/uploads\/2025\/06\/aprende2-1024x707.jpeg\" alt=\"\" class=\"wp-image-18020\" srcset=\"https:\/\/entretormentas.com\/wp-content\/uploads\/2025\/06\/aprende2-1024x707.jpeg 1024w, https:\/\/entretormentas.com\/wp-content\/uploads\/2025\/06\/aprende2-300x207.jpeg 300w, https:\/\/entretormentas.com\/wp-content\/uploads\/2025\/06\/aprende2-768x530.jpeg 768w, https:\/\/entretormentas.com\/wp-content\/uploads\/2025\/06\/aprende2.jpeg 1280w\" sizes=\"(max-width: 1024px) 100vw, 1024px\" \/><\/figure>\n\n\n\n<p>La Primera Dama y madrina de esta promoci\u00f3n del programa Aprende y Emprende, Franciela N\u00fa\u00f1ez de Fern\u00e1ndez, manifest\u00f3 \u201cme siento orgullosa de cada uno de ustedes, los equipos de las secretar\u00edas y quienes hacen posible este programa\u201d. Adem\u00e1s, agradeciendo y felicitando a los vecinos por su participaci\u00f3n se\u00f1al\u00f3 \u201caprendiendo y emprendiendo, con estos cursos y talleres, apoyados con orientaci\u00f3n en contabilidad, se capacitan para echar para adelante. Les deseo prosperidad, \u00a1juntos somos m\u00e1s fuertes!\u201d.<\/p>\n\n\n\n<p>La directora municipal de Gesti\u00f3n, Milagros Montiel, explic\u00f3 que este es un programa piloto que le da a las mujeres poder para seguir ayudando a sus hijos, que consta de varios cursos, como corte y costura, creaci\u00f3n de bolsos, curso navide\u00f1o de panader\u00eda, reposter\u00eda, refrigeraci\u00f3n, inicio a la contabilidad, entre otros.<\/p>\n\n\n\n<figure class=\"wp-block-image size-large\"><img decoding=\"async\" width=\"1024\" height=\"680\" src=\"https:\/\/entretormentas.com\/wp-content\/uploads\/2025\/06\/aprende3-1024x680.jpeg\" alt=\"\" class=\"wp-image-18021\" srcset=\"https:\/\/entretormentas.com\/wp-content\/uploads\/2025\/06\/aprende3-1024x680.jpeg 1024w, https:\/\/entretormentas.com\/wp-content\/uploads\/2025\/06\/aprende3-300x199.jpeg 300w, https:\/\/entretormentas.com\/wp-content\/uploads\/2025\/06\/aprende3-768x510.jpeg 768w, https:\/\/entretormentas.com\/wp-content\/uploads\/2025\/06\/aprende3.jpeg 1280w\" sizes=\"(max-width: 1024px) 100vw, 1024px\" \/><\/figure>\n\n\n\n<p>\u201cEste programa es para m\u00ed una satisfacci\u00f3n. Lo hago por experiencia propia, yo gradu\u00e9 a mi hijo haciendo cursos y emprendiendo, eso me da la base para saber que si se puede\u201d, manifest\u00f3 Montiel, al se\u00f1alar que el programa y los instructores salen del ayuntamiento, de igual forma indic\u00f3 que de \u201clas personas que se han graduado, la mayor\u00eda ha arrancado con sus emprendimientos, cada uno desde lo que ha aprendido, en sus cursos, para los cuales tenemos una profesora de contabilidad, que les orienta en costos, inversi\u00f3n, ganancias\u201d.<\/p>\n\n\n\n<p>Por su parte Deisy Rodr\u00edguez, coordinadora del programa Aprende y Emprende, inform\u00f3 que el mismo se desarrolla en todas las parroquias del municipio, en las modalidades de barber\u00eda, peluquer\u00eda, corte y costura, cuadros, pintura sobre tela, sublimaci\u00f3n en franelas, entre otros. \u201cVan m\u00e1s de mil personas certificadas, la mayor\u00eda de ellos han montado su emprendimiento. M\u00e1s del 60% de las personas certificados, tienen ya su negocio. Esto es de mucha ayuda a la comunidad para generar ingresos\u201d, acot\u00f3.<\/p>\n\n\n\n<figure class=\"wp-block-image size-large\"><img decoding=\"async\" width=\"1024\" height=\"761\" src=\"https:\/\/entretormentas.com\/wp-content\/uploads\/2025\/06\/aprende4-1024x761.jpeg\" alt=\"\" class=\"wp-image-18022\" srcset=\"https:\/\/entretormentas.com\/wp-content\/uploads\/2025\/06\/aprende4-1024x761.jpeg 1024w, https:\/\/entretormentas.com\/wp-content\/uploads\/2025\/06\/aprende4-300x223.jpeg 300w, https:\/\/entretormentas.com\/wp-content\/uploads\/2025\/06\/aprende4-768x571.jpeg 768w, https:\/\/entretormentas.com\/wp-content\/uploads\/2025\/06\/aprende4.jpeg 1280w\" sizes=\"(max-width: 1024px) 100vw, 1024px\" \/><\/figure>\n\n\n\n<p>Los participantes manifestaron su agradecimiento por la oportunidad de formarse en estos cursos, como Tatiana Valencia, quien particip\u00f3 en el curso de peluquer\u00eda, en la parroquia Jos\u00e9 Domingo Rus, \u201cYa estoy emprendiendo en peluquer\u00eda. Haci\u00e9ndolo poco a poco\u201d e invit\u00f3 a todos los vecinos: \u201cVengan a inscribirse en los cursos que ofrece la alcald\u00eda de San Francisco\u201d. Y Mar\u00eda Torres, de la parroquia Domitila Flores, expres\u00f3 su agradecimiento, \u201cespero que el alcalde Gustavo Fern\u00e1ndez, contin\u00fae con estos cursos para aprender m\u00e1s. Dios le permita seguir aqu\u00ed, present\u00e1ndonos el apoyo para seguir emprendiendo\u201d, dijo.<\/p>\n\n\n\n<p>Y Alexandra Ochoa, coordinadora de educaci\u00f3n de la parroquia Domitila Flores, indic\u00f3 \u201cde verdad que el programa Aprende y Emprende ha llegado para quedarse, se han visto los frutos de los proyectos en las comunidades, en diferentes parroquias, m\u00e1s de 100 personas han emprendido en la<br>nuestra. Gracias al alcalde por llegar y acercarse a las personas de las comunidades\u201d.<br><strong><em>ET \/ Alcald\u00eda de San Francisco<\/em><\/strong><\/p>\n\n\n\n<p><\/p>\n","protected":false},"excerpt":{"rendered":"<p>ENTRE TORMENTAS. Con la d\u00e9cima promoci\u00f3n del programa Aprende y Emprende se suman 104 ciudadanos&#8230;<\/p>\n","protected":false},"author":2,"featured_media":18023,"comment_status":"closed","ping_status":"open","sticky":false,"template":"","format":"standard","meta":{"footnotes":""},"categories":[57,1],"tags":[],"class_list":["post-18019","post","type-post","status-publish","format-standard","has-post-thumbnail","hentry","category-actualidad","category-regionales"],"_links":{"self":[{"href":"https:\/\/entretormentas.com\/index.php?rest_route=\/wp\/v2\/posts\/18019","targetHints":{"allow":["GET"]}}],"collection":[{"href":"https:\/\/entretormentas.com\/index.php?rest_route=\/wp\/v2\/posts"}],"about":[{"href":"https:\/\/entretormentas.com\/index.php?rest_route=\/wp\/v2\/types\/post"}],"author":[{"embeddable":true,"href":"https:\/\/entretormentas.com\/index.php?rest_route=\/wp\/v2\/users\/2"}],"replies":[{"embeddable":true,"href":"https:\/\/entretormentas.com\/index.php?rest_route=%2Fwp%2Fv2%2Fcomments&post=18019"}],"version-history":[{"count":1,"href":"https:\/\/entretormentas.com\/index.php?rest_route=\/wp\/v2\/posts\/18019\/revisions"}],"predecessor-version":[{"id":18024,"href":"https:\/\/entretormentas.com\/index.php?rest_route=\/wp\/v2\/posts\/18019\/revisions\/18024"}],"wp:featuredmedia":[{"embeddable":true,"href":"https:\/\/entretormentas.com\/index.php?rest_route=\/wp\/v2\/media\/18023"}],"wp:attachment":[{"href":"https:\/\/entretormentas.com\/index.php?rest_route=%2Fwp%2Fv2%2Fmedia&parent=18019"}],"wp:term":[{"taxonomy":"category","embeddable":true,"href":"https:\/\/entretormentas.com\/index.php?rest_route=%2Fwp%2Fv2%2Fcategories&post=18019"},{"taxonomy":"post_tag","embeddable":true,"href":"https:\/\/entretormentas.com\/index.php?rest_route=%2Fwp%2Fv2%2Ftags&post=18019"}],"curies":[{"name":"wp","href":"https:\/\/api.w.org\/{rel}","templated":true}]}}