{"id":18035,"date":"2025-06-17T10:15:32","date_gmt":"2025-06-17T08:15:32","guid":{"rendered":"https:\/\/entretormentas.com\/?p=18035"},"modified":"2025-06-17T10:15:32","modified_gmt":"2025-06-17T08:15:32","slug":"dice-que-no-hubo-imposiciones-diosdado-cabello-desmiente-divisiones-internas-en-el-gpp","status":"publish","type":"post","link":"https:\/\/entretormentas.com\/dice-que-no-hubo-imposiciones-diosdado-cabello-desmiente-divisiones-internas-en-el-gpp\/","title":{"rendered":"\u00a1DICE QUE NO HUBO IMPOSICIONES! Diosdado Cabello desmiente divisiones internas en el GPP"},"content":{"rendered":"\n<p><strong>ENTRE TORMENTAS. <\/strong>Este lunes el secretario general del Partido Socialista Unido de Venezuela (PSUV), Diosdado Cabello, desminti\u00f3 fake news infundados por la oposici\u00f3n venezolana sobre una supuesta divisi\u00f3n dentro de las filas del chavismo, tras anunciarse los candidatos principales que representar\u00e1n al Gran Polo Patri\u00f3tico en las venideras elecciones municipales del 27 de julio.<\/p>\n\n\n\n<p>Durante la rueda de prensa semanal del PSUV, el representante de la tolda roja indic\u00f3 que el chavismo no se va a resquebrajar por un proceso electoral, ya que se han constituido como \u00abun gran movimiento colectivo y no individual\u00bb.<\/p>\n\n\n\n<p>\u00abEl chavismo no se divide por una candidatura, el chavismo es una fuerza indivisible\u00bb, afirm\u00f3 Diosdado Cabello. Seguidamente, record\u00f3 que la p\u00e9rdida m\u00e1s grande para las fuerzas revolucionarias fue la muerte del Comandante Hugo Ch\u00e1vez y a\u00fan as\u00ed, se apegaron y se mantienen apegados a su orden de \u00abunidad, lucha, batalla y victoria\u00bb.<\/p>\n\n\n\n<figure class=\"wp-block-image size-large\"><img fetchpriority=\"high\" decoding=\"async\" width=\"1024\" height=\"683\" src=\"https:\/\/entretormentas.com\/wp-content\/uploads\/2025\/06\/psunidos2-1024x683.jpeg\" alt=\"\" class=\"wp-image-18036\" srcset=\"https:\/\/entretormentas.com\/wp-content\/uploads\/2025\/06\/psunidos2-1024x683.jpeg 1024w, https:\/\/entretormentas.com\/wp-content\/uploads\/2025\/06\/psunidos2-300x200.jpeg 300w, https:\/\/entretormentas.com\/wp-content\/uploads\/2025\/06\/psunidos2-768x512.jpeg 768w, https:\/\/entretormentas.com\/wp-content\/uploads\/2025\/06\/psunidos2.jpeg 1080w\" sizes=\"(max-width: 1024px) 100vw, 1024px\" \/><\/figure>\n\n\n\n<p>\u00abHubiese querido la derecha que nosotros a ra\u00edz de la p\u00e9rdida del Comandante nos dividi\u00e9ramos y cada quien agarrara por su lado. Estar\u00edan haciendo fiesta como hacen fiesta en otros pa\u00edses. Hay quienes promueven y est\u00e1n detr\u00e1s de manera soterrada de estas manifestaciones y lo hacen con un fin particular\u00bb, precis\u00f3.<\/p>\n\n\n\n<p>No obstante, aclar\u00f3 que no hubo imposici\u00f3n de candidatos en ning\u00fan estado, ya que se tomaron en cuenta las postulaciones que se hicieron en las asambleas de base hace dos semanas. Sobre este punto, indic\u00f3 que aunque algunos l\u00edderes locales pudiesen no estar de acuerdo con los resultados, es un momento de asumir con seriedad y disciplina partidista la decisi\u00f3n tomada.<\/p>\n\n\n\n<p>\u00ab\u00bfImposici\u00f3n?, Aqu\u00ed no hay ninguna imposici\u00f3n. Nosotros no estamos sacando a alguien que de aqu\u00ed de Caracas dici\u00e9ndole: V\u00e1yase para all\u00e1 para candidato en aquel lugar, en aquel estado y usted no est\u00e1 postulado. No, nosotros (\u2026) tomamos decisiones de que no debe haber v\u00ednculo familiares y eso se hizo a nivel nacional sin ning\u00fan tipo de problema, pero bueno es parte de la din\u00e1mica pol\u00edtica\u00bb, asever\u00f3.<br><strong><em>ET \/ Agencias<\/em><\/strong><\/p>\n","protected":false},"excerpt":{"rendered":"<p>ENTRE TORMENTAS. Este lunes el secretario general del Partido Socialista Unido de Venezuela (PSUV), Diosdado&#8230;<\/p>\n","protected":false},"author":2,"featured_media":18037,"comment_status":"closed","ping_status":"open","sticky":false,"template":"","format":"standard","meta":{"footnotes":""},"categories":[56,49],"tags":[],"class_list":["post-18035","post","type-post","status-publish","format-standard","has-post-thumbnail","hentry","category-destacadas","category-nacionales"],"_links":{"self":[{"href":"https:\/\/entretormentas.com\/index.php?rest_route=\/wp\/v2\/posts\/18035","targetHints":{"allow":["GET"]}}],"collection":[{"href":"https:\/\/entretormentas.com\/index.php?rest_route=\/wp\/v2\/posts"}],"about":[{"href":"https:\/\/entretormentas.com\/index.php?rest_route=\/wp\/v2\/types\/post"}],"author":[{"embeddable":true,"href":"https:\/\/entretormentas.com\/index.php?rest_route=\/wp\/v2\/users\/2"}],"replies":[{"embeddable":true,"href":"https:\/\/entretormentas.com\/index.php?rest_route=%2Fwp%2Fv2%2Fcomments&post=18035"}],"version-history":[{"count":1,"href":"https:\/\/entretormentas.com\/index.php?rest_route=\/wp\/v2\/posts\/18035\/revisions"}],"predecessor-version":[{"id":18038,"href":"https:\/\/entretormentas.com\/index.php?rest_route=\/wp\/v2\/posts\/18035\/revisions\/18038"}],"wp:featuredmedia":[{"embeddable":true,"href":"https:\/\/entretormentas.com\/index.php?rest_route=\/wp\/v2\/media\/18037"}],"wp:attachment":[{"href":"https:\/\/entretormentas.com\/index.php?rest_route=%2Fwp%2Fv2%2Fmedia&parent=18035"}],"wp:term":[{"taxonomy":"category","embeddable":true,"href":"https:\/\/entretormentas.com\/index.php?rest_route=%2Fwp%2Fv2%2Fcategories&post=18035"},{"taxonomy":"post_tag","embeddable":true,"href":"https:\/\/entretormentas.com\/index.php?rest_route=%2Fwp%2Fv2%2Ftags&post=18035"}],"curies":[{"name":"wp","href":"https:\/\/api.w.org\/{rel}","templated":true}]}}