{"id":18042,"date":"2025-06-17T10:21:16","date_gmt":"2025-06-17T08:21:16","guid":{"rendered":"https:\/\/entretormentas.com\/?p=18042"},"modified":"2025-06-17T10:21:17","modified_gmt":"2025-06-17T08:21:17","slug":"nicolas-maduro-la-cij-y-a-la-corte-penal-son-complices-del-genocidio-en-gaza-se-debe-detener-a-netanyahu","status":"publish","type":"post","link":"https:\/\/entretormentas.com\/nicolas-maduro-la-cij-y-a-la-corte-penal-son-complices-del-genocidio-en-gaza-se-debe-detener-a-netanyahu\/","title":{"rendered":"NICOL\u00c1S MADURO: \u00abLa CIJ y a la Corte Penal son c\u00f3mplices del genocidio en Gaza\u2026 Se debe detener a Netanyahu\u00bb"},"content":{"rendered":"\n<p><strong>ENTRE TORMENTAS. <\/strong>El presidente Nicol\u00e1s Maduro acus\u00f3 este lunes que la Corte Internacional de Justicia y la Corte Penal Internacional son culpables de esta guerra, porque han sido c\u00f3mplices del genocidio del pueblo palestino en Gaza.<\/p>\n\n\n\n<p>As\u00ed lo manifest\u00f3 el jefe de Estado durante la transmisi\u00f3n de su programa n\u00famero 82 de Con Maduro +, donde refiri\u00f3 que si hubiera habido justicia firme y verdadera de la Corte Penal Internacional y de la Corte Internacional de Justicia, \u00abnos hubi\u00e9ramos ahorrado bombardeos y nos hubi\u00e9ramos ahorrado esta guerra\u00bb haciendo referencia al conflicto entre Israel e Ir\u00e1n.<\/p>\n\n\n\n<p>\u00abEsta guerra se hubiera ahorrado, se hubiera justicia internacional. Si la Corte Penal de Justicia, Internacional de Justicia, la Corte Penal y la Corte Internacional, que son dos cortes diferentes, no se dedicaran a obedecer los mandatos de Washington, de Londres, de Par\u00eds y de Bruselas, otro gallo cantar\u00eda y con justicia hubiera paz. Solo la justicia y el respeto al derecho internacional nos llevar\u00e1 la paz\u00bb, expres\u00f3.<\/p>\n\n\n\n<p>El mandatario nacional califico al primer ministro de Israel, Benjam\u00edn Netanyahu de genocida. \u00abHay que detener a Netanyahu antes que sea demasiado tarde\u00bb, alert\u00f3.<\/p>\n\n\n\n<p>\u00abLos ataques criminales del estado sionista dirigido por en Netanyao contra el pueblo palestino, contra el pueblo del L\u00edbano, contra el pueblo de Siria, contra el pueblo de Yemen y contra el pueblo de la Rep\u00fablica Isl\u00e1mica de Ir\u00e1n, han roto todos los esquemas del derecho internacional, han violado todos los esquemas del derecho internacional\u00bb, denunci\u00f3.<br><strong><em>ET \/ \u00daltimas Noticias<\/em><\/strong><\/p>\n","protected":false},"excerpt":{"rendered":"<p>ENTRE TORMENTAS. El presidente Nicol\u00e1s Maduro acus\u00f3 este lunes que la Corte Internacional de Justicia&#8230;<\/p>\n","protected":false},"author":2,"featured_media":18043,"comment_status":"closed","ping_status":"open","sticky":false,"template":"","format":"standard","meta":{"footnotes":""},"categories":[56,49],"tags":[],"class_list":["post-18042","post","type-post","status-publish","format-standard","has-post-thumbnail","hentry","category-destacadas","category-nacionales"],"_links":{"self":[{"href":"https:\/\/entretormentas.com\/index.php?rest_route=\/wp\/v2\/posts\/18042","targetHints":{"allow":["GET"]}}],"collection":[{"href":"https:\/\/entretormentas.com\/index.php?rest_route=\/wp\/v2\/posts"}],"about":[{"href":"https:\/\/entretormentas.com\/index.php?rest_route=\/wp\/v2\/types\/post"}],"author":[{"embeddable":true,"href":"https:\/\/entretormentas.com\/index.php?rest_route=\/wp\/v2\/users\/2"}],"replies":[{"embeddable":true,"href":"https:\/\/entretormentas.com\/index.php?rest_route=%2Fwp%2Fv2%2Fcomments&post=18042"}],"version-history":[{"count":1,"href":"https:\/\/entretormentas.com\/index.php?rest_route=\/wp\/v2\/posts\/18042\/revisions"}],"predecessor-version":[{"id":18044,"href":"https:\/\/entretormentas.com\/index.php?rest_route=\/wp\/v2\/posts\/18042\/revisions\/18044"}],"wp:featuredmedia":[{"embeddable":true,"href":"https:\/\/entretormentas.com\/index.php?rest_route=\/wp\/v2\/media\/18043"}],"wp:attachment":[{"href":"https:\/\/entretormentas.com\/index.php?rest_route=%2Fwp%2Fv2%2Fmedia&parent=18042"}],"wp:term":[{"taxonomy":"category","embeddable":true,"href":"https:\/\/entretormentas.com\/index.php?rest_route=%2Fwp%2Fv2%2Fcategories&post=18042"},{"taxonomy":"post_tag","embeddable":true,"href":"https:\/\/entretormentas.com\/index.php?rest_route=%2Fwp%2Fv2%2Ftags&post=18042"}],"curies":[{"name":"wp","href":"https:\/\/api.w.org\/{rel}","templated":true}]}}