{"id":18045,"date":"2025-06-17T10:24:59","date_gmt":"2025-06-17T08:24:59","guid":{"rendered":"https:\/\/entretormentas.com\/?p=18045"},"modified":"2025-06-17T10:25:00","modified_gmt":"2025-06-17T08:25:00","slug":"crisis-en-medio-oriente-israel-e-iran-escalan-sus-ataques-en-un-conflicto-que-lleva-mas-de-240-muertos","status":"publish","type":"post","link":"https:\/\/entretormentas.com\/crisis-en-medio-oriente-israel-e-iran-escalan-sus-ataques-en-un-conflicto-que-lleva-mas-de-240-muertos\/","title":{"rendered":"\u00a1CRISIS EN MEDIO ORIENTE! Israel e Ir\u00e1n escalan sus ataques en un conflicto que lleva m\u00e1s de 240 muertos"},"content":{"rendered":"\n<p><strong>ENTRE TORMENTAS. <\/strong>La tensi\u00f3n entre Israel e Ir\u00e1n contin\u00faa en aumento tras los ataques que ambos pa\u00edses han intercambiado desde el viernes.<\/p>\n\n\n\n<p>El Ministerio de Salud de Ir\u00e1n inform\u00f3 de al menos 224 muertos, el 90% de ellos civiles. En tanto, los servicios de emergencia israel\u00edes informaron que 19 personas murieron y m\u00e1s de un centenar resultaron heridas por los ataques con misiles de Ir\u00e1n desde el inicio de la contienda.<\/p>\n\n\n\n<p>Las ciudades de Tel Aviv, Haifa y Jerusal\u00e9n fueron objetivo de esta \u00faltima oleada de bombardeos iran\u00edes, en los que al menos cinco personas en la madrugada del lunes.<\/p>\n\n\n\n<p>El ministro de Exteriores israel\u00ed amenaz\u00f3 con que los residentes de Teher\u00e1n \u00abpagar\u00e1n el precio\u00bb de los ataques sobre Israel.<\/p>\n\n\n\n<p>Tambi\u00e9n acus\u00f3 al l\u00edder iran\u00ed, Al\u00ed Jamenei, al que calific\u00f3 de \u00abcobarde asesino\u00bb, de alcanzar deliberadamente zonas civiles \u00abpara disuadir a las Fuerzas de Defensa de Israel de continuar el ataque que est\u00e1 colapsando sus capacidades\u00bb, dijo en un comunicado.<\/p>\n\n\n\n<figure class=\"wp-block-image size-full\"><img fetchpriority=\"high\" decoding=\"async\" width=\"677\" height=\"374\" src=\"https:\/\/entretormentas.com\/wp-content\/uploads\/2025\/06\/isra2.jpeg\" alt=\"\" class=\"wp-image-18046\" srcset=\"https:\/\/entretormentas.com\/wp-content\/uploads\/2025\/06\/isra2.jpeg 677w, https:\/\/entretormentas.com\/wp-content\/uploads\/2025\/06\/isra2-300x166.jpeg 300w\" sizes=\"(max-width: 677px) 100vw, 677px\" \/><\/figure>\n\n\n\n<p>Entre las v\u00edctimas de este fin de semana se encuentran cuatro mujeres de la misma familia en la localidad de Tamra, en el norte del pa\u00eds.<\/p>\n\n\n\n<p>De acuerdo con la polic\u00eda, seis personas, entre ellas dos ni\u00f1os, murieron en la ciudad de Bat Yam, en el centro de Israel. All\u00ed, los rescatistas buscan, entre los escombros de edificios destruidos, a personas desaparecidas.<\/p>\n\n\n\n<p>El primer ministro de Israel, Benjamin Netanyahu, se desplaz\u00f3 a la zona el domingo, donde dijo que Ir\u00e1n pagar\u00e1 \u00abun precio muy alto\u00bb por las muertes de civiles y urgi\u00f3 a la poblaci\u00f3n a seguir las instrucciones de seguridad de las autoridades.<\/p>\n\n\n\n<p>Previamente, el ej\u00e9rcito israel\u00ed hab\u00eda ejecutado ataques contra Teher\u00e1n que, seg\u00fan el Ej\u00e9rcito, tuvieron como objetivos edificios vinculados al programa nuclear iran\u00ed y un dep\u00f3sito de petr\u00f3leo, en lo que parece ser el primer ataque contra la infraestructura energ\u00e9tica del pa\u00eds.<\/p>\n\n\n\n<p>El viernes, el representante iran\u00ed ante las Naciones Unidas, Amir-Saeid Iravani, hab\u00eda se\u00f1alado que la \u00ababrumadora mayor\u00eda\u00bb de v\u00edctimas en su pa\u00eds eran civiles.<\/p>\n\n\n\n<p>Israel ha dicho que sus objetivos son instalaciones militares iran\u00edes, incluida infraestructura nuclear.<br><strong><em>ET \/ BBC<\/em><\/strong><\/p>\n\n\n\n<p><\/p>\n","protected":false},"excerpt":{"rendered":"<p>ENTRE TORMENTAS. La tensi\u00f3n entre Israel e Ir\u00e1n contin\u00faa en aumento tras los ataques que&#8230;<\/p>\n","protected":false},"author":2,"featured_media":18047,"comment_status":"closed","ping_status":"open","sticky":false,"template":"","format":"standard","meta":{"footnotes":""},"categories":[56,48],"tags":[],"class_list":["post-18045","post","type-post","status-publish","format-standard","has-post-thumbnail","hentry","category-destacadas","category-internacionales"],"_links":{"self":[{"href":"https:\/\/entretormentas.com\/index.php?rest_route=\/wp\/v2\/posts\/18045","targetHints":{"allow":["GET"]}}],"collection":[{"href":"https:\/\/entretormentas.com\/index.php?rest_route=\/wp\/v2\/posts"}],"about":[{"href":"https:\/\/entretormentas.com\/index.php?rest_route=\/wp\/v2\/types\/post"}],"author":[{"embeddable":true,"href":"https:\/\/entretormentas.com\/index.php?rest_route=\/wp\/v2\/users\/2"}],"replies":[{"embeddable":true,"href":"https:\/\/entretormentas.com\/index.php?rest_route=%2Fwp%2Fv2%2Fcomments&post=18045"}],"version-history":[{"count":1,"href":"https:\/\/entretormentas.com\/index.php?rest_route=\/wp\/v2\/posts\/18045\/revisions"}],"predecessor-version":[{"id":18048,"href":"https:\/\/entretormentas.com\/index.php?rest_route=\/wp\/v2\/posts\/18045\/revisions\/18048"}],"wp:featuredmedia":[{"embeddable":true,"href":"https:\/\/entretormentas.com\/index.php?rest_route=\/wp\/v2\/media\/18047"}],"wp:attachment":[{"href":"https:\/\/entretormentas.com\/index.php?rest_route=%2Fwp%2Fv2%2Fmedia&parent=18045"}],"wp:term":[{"taxonomy":"category","embeddable":true,"href":"https:\/\/entretormentas.com\/index.php?rest_route=%2Fwp%2Fv2%2Fcategories&post=18045"},{"taxonomy":"post_tag","embeddable":true,"href":"https:\/\/entretormentas.com\/index.php?rest_route=%2Fwp%2Fv2%2Ftags&post=18045"}],"curies":[{"name":"wp","href":"https:\/\/api.w.org\/{rel}","templated":true}]}}