{"id":18054,"date":"2025-06-18T10:17:13","date_gmt":"2025-06-18T08:17:13","guid":{"rendered":"https:\/\/entretormentas.com\/?p=18054"},"modified":"2025-06-18T10:17:13","modified_gmt":"2025-06-18T08:17:13","slug":"a-las-530-pm-de-este-miercoles-18-jun-fundanis-realiza-concierto-benefico-por-las-casas-abrigo","status":"publish","type":"post","link":"https:\/\/entretormentas.com\/a-las-530-pm-de-este-miercoles-18-jun-fundanis-realiza-concierto-benefico-por-las-casas-abrigo\/","title":{"rendered":"\u00a1A LAS 5:30 PM DE ESTE MI\u00c9RCOLES 18-JUN! Fundanis realiza concierto ben\u00e9fico por las casas abrigo"},"content":{"rendered":"\n<p><strong>ENTRE TORMENTAS. <\/strong>La Alcald\u00eda de Maracaibo a trav\u00e9s de la Fundaci\u00f3n Ni\u00f1os del Sol (Fundanis) invita a toda la comunidad al \u201cConcierto Beneficio de la Alegr\u00eda\u201d que se realizar\u00e1 este mi\u00e9rcoles 18 de junio a las 5:30 de la tarde en el Teatro Bellas Artes.<\/p>\n\n\n\n<p>Este concierto tiene la particularidad de que la entrada ser\u00e1 a cambio de un kilogramo de alimento no perecedero o productos de higiene personal, a beneficio de las casas abrigo para ni\u00f1os, adolescentes pertenecientes a la fundaci\u00f3n, incluyendo la casa abrigo Hermanos Pulgar, del Instituto del Adulto y Adulta Mayor (IMAAM).<\/p>\n\n\n\n<p>\u201cUn gesto de amor puede cambiar destinos. Apoyemos esta causa y disfrutemos juntos, por cada ni\u00f1o, cada adolescente y por nuestros queridos abuelitos\u00bb, destac\u00f3 Vanessa Linares de Ram\u00edrez, presidenta de la Fundaci\u00f3n y primera dama de Maracaibo<\/p>\n\n\n\n<p>Linares de Ram\u00edrez extendi\u00f3 a la invitaci\u00f3n a todas las familias marabinas para que contribuyan con esta noble causa que marcar\u00e1 diferencia en muchas vidas.<\/p>\n\n\n\n<p>La primera dama de Maracaibo adelant\u00f3 que el evento contar\u00e1 con la actuaci\u00f3n de: Angelo Cefaratti, Homero, La Nota Andante, Garces Music, Camerino Company e Its Diana.<\/p>\n\n\n\n<p>Mientras que la animaci\u00f3n estar\u00e1 a cargo de Luis Enrique Chourio, Javier Bertel Jr., Dime Amarillo, Carla Rodr\u00edguez, Jes\u00fas Mill\u00e1n y las Reinas de la Feria.<br><strong><em>ET \/ DCI Alcald\u00eda de Maracaibo<\/em><\/strong><\/p>\n\n\n\n<p><\/p>\n","protected":false},"excerpt":{"rendered":"<p>ENTRE TORMENTAS. La Alcald\u00eda de Maracaibo a trav\u00e9s de la Fundaci\u00f3n Ni\u00f1os del Sol (Fundanis)&#8230;<\/p>\n","protected":false},"author":2,"featured_media":18055,"comment_status":"closed","ping_status":"open","sticky":false,"template":"","format":"standard","meta":{"footnotes":""},"categories":[57,1],"tags":[],"class_list":["post-18054","post","type-post","status-publish","format-standard","has-post-thumbnail","hentry","category-actualidad","category-regionales"],"_links":{"self":[{"href":"https:\/\/entretormentas.com\/index.php?rest_route=\/wp\/v2\/posts\/18054","targetHints":{"allow":["GET"]}}],"collection":[{"href":"https:\/\/entretormentas.com\/index.php?rest_route=\/wp\/v2\/posts"}],"about":[{"href":"https:\/\/entretormentas.com\/index.php?rest_route=\/wp\/v2\/types\/post"}],"author":[{"embeddable":true,"href":"https:\/\/entretormentas.com\/index.php?rest_route=\/wp\/v2\/users\/2"}],"replies":[{"embeddable":true,"href":"https:\/\/entretormentas.com\/index.php?rest_route=%2Fwp%2Fv2%2Fcomments&post=18054"}],"version-history":[{"count":1,"href":"https:\/\/entretormentas.com\/index.php?rest_route=\/wp\/v2\/posts\/18054\/revisions"}],"predecessor-version":[{"id":18056,"href":"https:\/\/entretormentas.com\/index.php?rest_route=\/wp\/v2\/posts\/18054\/revisions\/18056"}],"wp:featuredmedia":[{"embeddable":true,"href":"https:\/\/entretormentas.com\/index.php?rest_route=\/wp\/v2\/media\/18055"}],"wp:attachment":[{"href":"https:\/\/entretormentas.com\/index.php?rest_route=%2Fwp%2Fv2%2Fmedia&parent=18054"}],"wp:term":[{"taxonomy":"category","embeddable":true,"href":"https:\/\/entretormentas.com\/index.php?rest_route=%2Fwp%2Fv2%2Fcategories&post=18054"},{"taxonomy":"post_tag","embeddable":true,"href":"https:\/\/entretormentas.com\/index.php?rest_route=%2Fwp%2Fv2%2Ftags&post=18054"}],"curies":[{"name":"wp","href":"https:\/\/api.w.org\/{rel}","templated":true}]}}