{"id":18060,"date":"2025-06-18T10:24:54","date_gmt":"2025-06-18T08:24:54","guid":{"rendered":"https:\/\/entretormentas.com\/?p=18060"},"modified":"2025-06-18T10:24:54","modified_gmt":"2025-06-18T08:24:54","slug":"en-unidad-gran-alianza-por-maracaibo-anuncia-candidatura-de-adrian-romero-a-la-alcaldia","status":"publish","type":"post","link":"https:\/\/entretormentas.com\/en-unidad-gran-alianza-por-maracaibo-anuncia-candidatura-de-adrian-romero-a-la-alcaldia\/","title":{"rendered":"\u00a1EN UNIDAD! Gran Alianza por Maracaibo anuncia candidatura de Adri\u00e1n Romero a la Alcald\u00eda"},"content":{"rendered":"\n<p><strong>ENTRE TORMENTAS. <\/strong>La oposici\u00f3n en Maracaibo se unific\u00f3 de cara a los comicios municipales previstos para el 27 de julio. \u201cLa Casa Grande no se entrega\u201d, expres\u00f3 la primera dama de la ciudad, Vanessa Linares de Ram\u00edrez, durante el acto de presentaci\u00f3n del candidato de la Gran Alianza por Maracaibo: Adri\u00e1n Romero Mart\u00ednez.<\/p>\n\n\n\n<p>Al ritmo de&nbsp;Maracaibo es otra cosa, Linares de Ram\u00edrez dio la bienvenida al candidato, a quien calific\u00f3 como merecedor de un voto de confianza por el trabajo realizado desde que asumi\u00f3 la Alcald\u00eda de forma encargada en momentos dif\u00edciles. \u201cEste es el hombre junto al cual vamos a defender la Casa Grande\u201d, afirm\u00f3.<\/p>\n\n\n\n<figure class=\"wp-block-image size-large\"><img fetchpriority=\"high\" decoding=\"async\" width=\"1024\" height=\"768\" src=\"https:\/\/entretormentas.com\/wp-content\/uploads\/2025\/06\/aralcalde2-1024x768.jpeg\" alt=\"\" class=\"wp-image-18061\" srcset=\"https:\/\/entretormentas.com\/wp-content\/uploads\/2025\/06\/aralcalde2-1024x768.jpeg 1024w, https:\/\/entretormentas.com\/wp-content\/uploads\/2025\/06\/aralcalde2-300x225.jpeg 300w, https:\/\/entretormentas.com\/wp-content\/uploads\/2025\/06\/aralcalde2-768x576.jpeg 768w, https:\/\/entretormentas.com\/wp-content\/uploads\/2025\/06\/aralcalde2.jpeg 1280w\" sizes=\"(max-width: 1024px) 100vw, 1024px\" \/><\/figure>\n\n\n\n<p>\u201cEn 2021 comenz\u00f3 un sue\u00f1o de ciudad que decidimos construir junto a nuestra gente. Hoy, aunque no est\u00e1 f\u00edsicamente con nosotros, Rafael Ram\u00edrez Colina est\u00e1 presente en cada uno de nuestros corazones, con su ejemplo de trabajo, dedicaci\u00f3n y disciplina. Ese sue\u00f1o y esa visi\u00f3n de ciudad siguen vivos\u201d, a\u00f1adi\u00f3 la primera dama, tras felicitar a Romero Mart\u00ednez con un emotivo abrazo.<\/p>\n\n\n\n<p>Linares de Ram\u00edrez, soci\u00f3loga de profesi\u00f3n, puso a disposici\u00f3n del candidato los equipos pol\u00edticos que respaldan el proyecto: \u201cVas a cumplir un papel extraordinario\u201d, asegur\u00f3.<\/p>\n\n\n\n<p><strong>ROMERO COMPROMETIDO CON LA CIUDAD<\/strong><br>El alcalde encargado de Maracaibo, Adri\u00e1n Romero, asumi\u00f3 su candidatura por la Gran Alianza por Maracaibo en una rueda de prensa, en el Hotel Kristoff. La alianza opositora fungir\u00e1 como el nexo de los partidos pol\u00edticos Un Nuevo Tiempo (UNT) y Uni\u00f3n y Cambio (Unica).<\/p>\n\n\n\n<p>\u201cHoy damos este paso no por ambici\u00f3n, sino por convicci\u00f3n, porque s\u00e9 lo que se ha logrado y lo que a\u00fan falta por hacer. Por eso les digo con responsabilidad, quiero ser su alcalde los pr\u00f3ximos cuatro a\u00f1os en esta ciudad\u201d, rese\u00f1\u00f3.<\/p>\n\n\n\n<p>El abogado reiter\u00f3 que Maracaibo \u201ciba a tener un candidato unitario de la alianza democr\u00e1tica\u201d, un candidato que en su criterio \u201cno se arrodillar\u00e1 ante nadie\u201d.<\/p>\n\n\n\n<figure class=\"wp-block-image size-large\"><img decoding=\"async\" width=\"1024\" height=\"768\" src=\"https:\/\/entretormentas.com\/wp-content\/uploads\/2025\/06\/aralcalde3-1024x768.jpeg\" alt=\"\" class=\"wp-image-18062\" srcset=\"https:\/\/entretormentas.com\/wp-content\/uploads\/2025\/06\/aralcalde3-1024x768.jpeg 1024w, https:\/\/entretormentas.com\/wp-content\/uploads\/2025\/06\/aralcalde3-300x225.jpeg 300w, https:\/\/entretormentas.com\/wp-content\/uploads\/2025\/06\/aralcalde3-768x576.jpeg 768w, https:\/\/entretormentas.com\/wp-content\/uploads\/2025\/06\/aralcalde3.jpeg 1280w\" sizes=\"(max-width: 1024px) 100vw, 1024px\" \/><\/figure>\n\n\n\n<p>Romero afianz\u00f3 que seguir\u00e1n \u201cresolviendo, para atender y solucionar todos los problemas de Maracaibo\u201d.<\/p>\n\n\n\n<p>\u201cMarabinos, no los vamos a defraudar nunca. Yo vine a trabajar por Maracaibo, vine a servirle a esta gran ciudad, he puesto todo mi esfuerzo y empe\u00f1o, no descansar\u00e9 nunca hasta lograr la ciudad que todos queremos\u201d, asegur\u00f3.<\/p>\n\n\n\n<p><strong>EQUIPO UNIFICADO<\/strong><br>Romero Mart\u00ednez estar\u00e1 acompa\u00f1ado en la contienda electoral por los candidatos a concejales: Yineska Contreras, Jos\u00e9 Berm\u00fadez, Juan Urdaneta, Daniel Ponne, Luis Cabrera, Omar Molina, Alexis Porras, Rosahan Larreal, Alejandro Fern\u00e1ndez, Emil Sulbar\u00e1n, Victoria Silva, In\u00e9s Gonz\u00e1lez, David Umbr\u00eda, Jonathan Segovia, Edgar Espina y Daniel Hern\u00e1ndez.<br><strong><em>ET \/ Nota de Prensa<\/em><\/strong><\/p>\n","protected":false},"excerpt":{"rendered":"<p>ENTRE TORMENTAS. La oposici\u00f3n en Maracaibo se unific\u00f3 de cara a los comicios municipales previstos&#8230;<\/p>\n","protected":false},"author":2,"featured_media":18063,"comment_status":"closed","ping_status":"open","sticky":false,"template":"","format":"standard","meta":{"footnotes":""},"categories":[57,1],"tags":[],"class_list":["post-18060","post","type-post","status-publish","format-standard","has-post-thumbnail","hentry","category-actualidad","category-regionales"],"_links":{"self":[{"href":"https:\/\/entretormentas.com\/index.php?rest_route=\/wp\/v2\/posts\/18060","targetHints":{"allow":["GET"]}}],"collection":[{"href":"https:\/\/entretormentas.com\/index.php?rest_route=\/wp\/v2\/posts"}],"about":[{"href":"https:\/\/entretormentas.com\/index.php?rest_route=\/wp\/v2\/types\/post"}],"author":[{"embeddable":true,"href":"https:\/\/entretormentas.com\/index.php?rest_route=\/wp\/v2\/users\/2"}],"replies":[{"embeddable":true,"href":"https:\/\/entretormentas.com\/index.php?rest_route=%2Fwp%2Fv2%2Fcomments&post=18060"}],"version-history":[{"count":1,"href":"https:\/\/entretormentas.com\/index.php?rest_route=\/wp\/v2\/posts\/18060\/revisions"}],"predecessor-version":[{"id":18064,"href":"https:\/\/entretormentas.com\/index.php?rest_route=\/wp\/v2\/posts\/18060\/revisions\/18064"}],"wp:featuredmedia":[{"embeddable":true,"href":"https:\/\/entretormentas.com\/index.php?rest_route=\/wp\/v2\/media\/18063"}],"wp:attachment":[{"href":"https:\/\/entretormentas.com\/index.php?rest_route=%2Fwp%2Fv2%2Fmedia&parent=18060"}],"wp:term":[{"taxonomy":"category","embeddable":true,"href":"https:\/\/entretormentas.com\/index.php?rest_route=%2Fwp%2Fv2%2Fcategories&post=18060"},{"taxonomy":"post_tag","embeddable":true,"href":"https:\/\/entretormentas.com\/index.php?rest_route=%2Fwp%2Fv2%2Ftags&post=18060"}],"curies":[{"name":"wp","href":"https:\/\/api.w.org\/{rel}","templated":true}]}}