{"id":18065,"date":"2025-06-18T10:29:31","date_gmt":"2025-06-18T08:29:31","guid":{"rendered":"https:\/\/entretormentas.com\/?p=18065"},"modified":"2025-06-18T10:29:32","modified_gmt":"2025-06-18T08:29:32","slug":"con-apoyo-de-gran-polo-patriotico-di-martino-inscribe-ante-el-cne-su-candidatura-a-la-alcaldia-de-maracaibo","status":"publish","type":"post","link":"https:\/\/entretormentas.com\/con-apoyo-de-gran-polo-patriotico-di-martino-inscribe-ante-el-cne-su-candidatura-a-la-alcaldia-de-maracaibo\/","title":{"rendered":"\u00a1CON APOYO DE GRAN POLO PATRI\u00d3TICO! Di Martino inscribe ante el CNE su candidatura a la Alcald\u00eda de Maracaibo"},"content":{"rendered":"\n<p><strong>ENTRE TORMENTAS.<\/strong> En el \u00faltimo d\u00eda para las postulaciones previas a los comicios del 27 de julio, la tarde de este 17 de junio, Gian Carlo Di Martino, candidato por el Gran Polo Patri\u00f3tico Sim\u00f3n Bol\u00edvar (GPPSB), inscribi\u00f3 ante el Consejo Nacional Electoral (CNE) su candidatura para la Alcald\u00eda de Maracaibo.<\/p>\n\n\n\n<p>\u00abHoy tenemos un gran compromiso con nuestro estado, con nuestro gobernador, con nuestros presidente, Nicol\u00e1s Maduro Moros, con nuestros pueblos. Es que este estado ha sido golpeado muy duro (\u2026) pero nosotros tenemos la capacidad, el amor, la humildad, el respeto por la gente, y tenemos lo m\u00e1s importante, la fuerza del poder popular\u00bb, recalc\u00f3 Di Martino.<\/p>\n\n\n\n<figure class=\"wp-block-image size-full\"><img fetchpriority=\"high\" decoding=\"async\" width=\"886\" height=\"574\" src=\"https:\/\/entretormentas.com\/wp-content\/uploads\/2025\/06\/gianco1.jpeg\" alt=\"\" class=\"wp-image-18066\" srcset=\"https:\/\/entretormentas.com\/wp-content\/uploads\/2025\/06\/gianco1.jpeg 886w, https:\/\/entretormentas.com\/wp-content\/uploads\/2025\/06\/gianco1-300x194.jpeg 300w, https:\/\/entretormentas.com\/wp-content\/uploads\/2025\/06\/gianco1-768x498.jpeg 768w\" sizes=\"(max-width: 886px) 100vw, 886px\" \/><\/figure>\n\n\n\n<p>\u00abTendremos una gesti\u00f3n humana, una gesti\u00f3n que ustedes se merecen, tendr\u00e1n una ciudad bella, van a tener un estado que va a ser el primer estado, la primera potencia del pa\u00eds\u00bb, expres\u00f3 Di Martino.<\/p>\n\n\n\n<p>La inscripci\u00f3n fue presenciada por el gobernador Luis Caldera, as\u00ed como ciudadanos afines al oficialismo, quienes se reunieron desde la tarde con el objetivo de mostrar el apoyo al candidato de la tolda roja.<\/p>\n\n\n\n<p>\u00abLa aprobaci\u00f3n de las autoridades municipales el pr\u00f3ximo 27 de julio implica la construcci\u00f3n de la patria, que existan los servicios b\u00e1sicos, el encadenamiento productivo, pero sobre todo, expresa al mundo que Venezuela es un pa\u00eds de amplias libertades, y que convocado a su pueblo para el ejercicio de democracia\u00bb, declar\u00f3 el Gobernador Luis Caldera desde la sede del CNE en Maracaibo.<\/p>\n\n\n\n<p>Adem\u00e1s, Caldera extendi\u00f3 sus felicitaciones al poder electoral \u00abpor siempre garantizar un proceso en paz, democr\u00e1tico y constitucional\u00bb.<\/p>\n\n\n\n<figure class=\"wp-block-image size-full\"><img decoding=\"async\" width=\"768\" height=\"432\" src=\"https:\/\/entretormentas.com\/wp-content\/uploads\/2025\/06\/gianco3.jpeg\" alt=\"\" class=\"wp-image-18067\" srcset=\"https:\/\/entretormentas.com\/wp-content\/uploads\/2025\/06\/gianco3.jpeg 768w, https:\/\/entretormentas.com\/wp-content\/uploads\/2025\/06\/gianco3-300x169.jpeg 300w\" sizes=\"(max-width: 768px) 100vw, 768px\" \/><\/figure>\n\n\n\n<p>En torno al tema de las sanciones, el candidato afirm\u00f3 que desde la alcald\u00eda buscar\u00e1 los recursos y \u00ababrir\u00e1 el paso\u00bb.<\/p>\n\n\n\n<p>\u00abTuvimos much\u00edsimas situaciones dif\u00edciles, y sin embargo nos abrimos pasos, porque s\u00ed, son las sanciones, pero tambi\u00e9n tiene que ser la gerencia, la capacidad, el ser una persona, o un grupo de personas, un equipo de personas que est\u00e9n interactuando con las necesidades de la comunidad, y en base a eso podemos nosotros solventar los problemas de la sociedad, de esta sociedad que, repito, que merece una gesti\u00f3n transparente y una gesti\u00f3n que pueda darle a la ciudad la capacidad de ser una ciudad hermosa, bella, linda, como son ustedes\u00bb, asegur\u00f3.<\/p>\n\n\n\n<p>Di Martino, quien ya posee experiencia como alcalde de la ciudad, busca volver al ejecutivo municipal, prometiendo convertir a Maracaibo en la \u00abciudad m\u00e1s bella\u00bb.<br><strong><em>ET \/ Foco Informativo<\/em><\/strong><\/p>\n\n\n\n<p><\/p>\n","protected":false},"excerpt":{"rendered":"<p>ENTRE TORMENTAS. En el \u00faltimo d\u00eda para las postulaciones previas a los comicios del 27&#8230;<\/p>\n","protected":false},"author":2,"featured_media":18068,"comment_status":"closed","ping_status":"open","sticky":false,"template":"","format":"standard","meta":{"footnotes":""},"categories":[57,1],"tags":[],"class_list":["post-18065","post","type-post","status-publish","format-standard","has-post-thumbnail","hentry","category-actualidad","category-regionales"],"_links":{"self":[{"href":"https:\/\/entretormentas.com\/index.php?rest_route=\/wp\/v2\/posts\/18065","targetHints":{"allow":["GET"]}}],"collection":[{"href":"https:\/\/entretormentas.com\/index.php?rest_route=\/wp\/v2\/posts"}],"about":[{"href":"https:\/\/entretormentas.com\/index.php?rest_route=\/wp\/v2\/types\/post"}],"author":[{"embeddable":true,"href":"https:\/\/entretormentas.com\/index.php?rest_route=\/wp\/v2\/users\/2"}],"replies":[{"embeddable":true,"href":"https:\/\/entretormentas.com\/index.php?rest_route=%2Fwp%2Fv2%2Fcomments&post=18065"}],"version-history":[{"count":1,"href":"https:\/\/entretormentas.com\/index.php?rest_route=\/wp\/v2\/posts\/18065\/revisions"}],"predecessor-version":[{"id":18069,"href":"https:\/\/entretormentas.com\/index.php?rest_route=\/wp\/v2\/posts\/18065\/revisions\/18069"}],"wp:featuredmedia":[{"embeddable":true,"href":"https:\/\/entretormentas.com\/index.php?rest_route=\/wp\/v2\/media\/18068"}],"wp:attachment":[{"href":"https:\/\/entretormentas.com\/index.php?rest_route=%2Fwp%2Fv2%2Fmedia&parent=18065"}],"wp:term":[{"taxonomy":"category","embeddable":true,"href":"https:\/\/entretormentas.com\/index.php?rest_route=%2Fwp%2Fv2%2Fcategories&post=18065"},{"taxonomy":"post_tag","embeddable":true,"href":"https:\/\/entretormentas.com\/index.php?rest_route=%2Fwp%2Fv2%2Ftags&post=18065"}],"curies":[{"name":"wp","href":"https:\/\/api.w.org\/{rel}","templated":true}]}}