{"id":18070,"date":"2025-06-18T10:33:23","date_gmt":"2025-06-18T08:33:23","guid":{"rendered":"https:\/\/entretormentas.com\/?p=18070"},"modified":"2025-06-18T10:33:24","modified_gmt":"2025-06-18T08:33:24","slug":"cerca-de-la-gente-luis-caldera-inicia-plan-zulia-en-el-oeste-y-anuncia-primera-sede-de-la-gobernacion-en-la-zona","status":"publish","type":"post","link":"https:\/\/entretormentas.com\/cerca-de-la-gente-luis-caldera-inicia-plan-zulia-en-el-oeste-y-anuncia-primera-sede-de-la-gobernacion-en-la-zona\/","title":{"rendered":"\u00a1CERCA DE LA GENTE! Luis Caldera inicia Plan Zulia en el Oeste y anuncia primera sede de la Gobernaci\u00f3n en la zona"},"content":{"rendered":"\n<p><strong>ENTRE TORMENTAS. <\/strong>Avanzando en su plan para el Zulia, el gobernador del estado, Ing. Luis Caldera, dio inicio este martes 17 de junio al anunciado Plan Zulia Oeste de Maracaibo 2025 e inform\u00f3 que en los pr\u00f3ximos d\u00edas instalar\u00e1 la primera sede de la Gobernaci\u00f3n en los territorios comunales, en espacio propuesto por comuneros y comuneras.<\/p>\n\n\n\n<p>Desde el Distribuidor Maisanta y en medio de maquinarias para la obra, el gobernador Caldera explic\u00f3 que ser\u00e1n abordados 10 kil\u00f3metros de la Circunvalaci\u00f3n 3 o Corredor Hugo Ch\u00e1vez Fr\u00edas, en un trabajo articulado con instituciones de los gobiernos nacional, regional y comunal; adem\u00e1s de los cuerpos de seguridad.<\/p>\n\n\n\n<figure class=\"wp-block-image size-large\"><img fetchpriority=\"high\" decoding=\"async\" width=\"1024\" height=\"683\" src=\"https:\/\/entretormentas.com\/wp-content\/uploads\/2025\/06\/lcoeste2-1024x683.jpeg\" alt=\"\" class=\"wp-image-18071\" srcset=\"https:\/\/entretormentas.com\/wp-content\/uploads\/2025\/06\/lcoeste2-1024x683.jpeg 1024w, https:\/\/entretormentas.com\/wp-content\/uploads\/2025\/06\/lcoeste2-300x200.jpeg 300w, https:\/\/entretormentas.com\/wp-content\/uploads\/2025\/06\/lcoeste2-768x512.jpeg 768w, https:\/\/entretormentas.com\/wp-content\/uploads\/2025\/06\/lcoeste2.jpeg 1280w\" sizes=\"(max-width: 1024px) 100vw, 1024px\" \/><\/figure>\n\n\n\n<p>Los trabajos consisten en limpieza, recolecci\u00f3n de los desechos s\u00f3lidos, asfaltado, colocaci\u00f3n de luminarias, sustituci\u00f3n de colectores, correcci\u00f3n de fugas de agua potable, estableciendo el plan de control de p\u00e9rdida del recurso h\u00eddrico.<\/p>\n\n\n\n<p>Detall\u00f3 que el plan tambi\u00e9n abarca la culminaci\u00f3n de los proyectos que viene ejecutando la comuna, en materia de agua potable, agua servida, gas, sustituci\u00f3n de techo, mejoramiento de vivienda, la culminaci\u00f3n de los trabajos del Centro de Diagn\u00f3stico Integral (CDI) y del Consultorio M\u00e9dicos Popular (CMP).<\/p>\n\n\n\n<p>Asimismo, se instalar\u00e1 una Sala Situacional Popular para todo el oeste de la capital zuliana, para nueve parroquias de la ciudad.<\/p>\n\n\n\n<figure class=\"wp-block-image size-large\"><img decoding=\"async\" width=\"1024\" height=\"741\" src=\"https:\/\/entretormentas.com\/wp-content\/uploads\/2025\/06\/lcoeste3-1024x741.jpeg\" alt=\"\" class=\"wp-image-18072\" srcset=\"https:\/\/entretormentas.com\/wp-content\/uploads\/2025\/06\/lcoeste3-1024x741.jpeg 1024w, https:\/\/entretormentas.com\/wp-content\/uploads\/2025\/06\/lcoeste3-300x217.jpeg 300w, https:\/\/entretormentas.com\/wp-content\/uploads\/2025\/06\/lcoeste3-768x556.jpeg 768w, https:\/\/entretormentas.com\/wp-content\/uploads\/2025\/06\/lcoeste3.jpeg 1280w\" sizes=\"(max-width: 1024px) 100vw, 1024px\" \/><\/figure>\n\n\n\n<p>\u201cEsta es una nueva etapa para el Zulia, lo que ser\u00e1 la organizaci\u00f3n en el territorio y lo dijimos en la campa\u00f1a, que \u00edbamos a desconcentrar el poder de la Gobernaci\u00f3n y a a estar en la calle y menos en el Palacio\u201d, expres\u00f3.<\/p>\n\n\n\n<p>El mandatario zuliano dio a conocer la pronta apertura de la sede de la Gobernaci\u00f3n en el oeste, para la atenci\u00f3n del pueblo en su propio territorio, sin tener que trasladarse al casco central de la ciudad. Esta acci\u00f3n forma parte de proyecto de gobierno, de gobernar con el pueblo y junto al pueblo desde su propia territorialidad.<\/p>\n\n\n\n<p>\u201cDesde ma\u00f1ana hay un espacio que los comuneros y comuneras est\u00e1n proponiendo. Toda la fuerza de la Gobernaci\u00f3n se instalar\u00e1 en el oeste de la ciudad de Maracaibo\u201d, recalc\u00f3 el gobernador.<br><strong><em>ET \/ Nota de Prensa<\/em><\/strong><\/p>\n\n\n\n<p><\/p>\n","protected":false},"excerpt":{"rendered":"<p>ENTRE TORMENTAS. Avanzando en su plan para el Zulia, el gobernador del estado, Ing. Luis&#8230;<\/p>\n","protected":false},"author":2,"featured_media":18073,"comment_status":"closed","ping_status":"open","sticky":false,"template":"","format":"standard","meta":{"footnotes":""},"categories":[56,1],"tags":[],"class_list":["post-18070","post","type-post","status-publish","format-standard","has-post-thumbnail","hentry","category-destacadas","category-regionales"],"_links":{"self":[{"href":"https:\/\/entretormentas.com\/index.php?rest_route=\/wp\/v2\/posts\/18070","targetHints":{"allow":["GET"]}}],"collection":[{"href":"https:\/\/entretormentas.com\/index.php?rest_route=\/wp\/v2\/posts"}],"about":[{"href":"https:\/\/entretormentas.com\/index.php?rest_route=\/wp\/v2\/types\/post"}],"author":[{"embeddable":true,"href":"https:\/\/entretormentas.com\/index.php?rest_route=\/wp\/v2\/users\/2"}],"replies":[{"embeddable":true,"href":"https:\/\/entretormentas.com\/index.php?rest_route=%2Fwp%2Fv2%2Fcomments&post=18070"}],"version-history":[{"count":1,"href":"https:\/\/entretormentas.com\/index.php?rest_route=\/wp\/v2\/posts\/18070\/revisions"}],"predecessor-version":[{"id":18074,"href":"https:\/\/entretormentas.com\/index.php?rest_route=\/wp\/v2\/posts\/18070\/revisions\/18074"}],"wp:featuredmedia":[{"embeddable":true,"href":"https:\/\/entretormentas.com\/index.php?rest_route=\/wp\/v2\/media\/18073"}],"wp:attachment":[{"href":"https:\/\/entretormentas.com\/index.php?rest_route=%2Fwp%2Fv2%2Fmedia&parent=18070"}],"wp:term":[{"taxonomy":"category","embeddable":true,"href":"https:\/\/entretormentas.com\/index.php?rest_route=%2Fwp%2Fv2%2Fcategories&post=18070"},{"taxonomy":"post_tag","embeddable":true,"href":"https:\/\/entretormentas.com\/index.php?rest_route=%2Fwp%2Fv2%2Ftags&post=18070"}],"curies":[{"name":"wp","href":"https:\/\/api.w.org\/{rel}","templated":true}]}}