{"id":18078,"date":"2025-06-18T10:38:55","date_gmt":"2025-06-18T08:38:55","guid":{"rendered":"https:\/\/entretormentas.com\/?p=18078"},"modified":"2025-06-18T10:38:56","modified_gmt":"2025-06-18T08:38:56","slug":"vuelta-a-la-patria-llegan-135-migrantes-repatriados-desde-eeuu-a-venezuela","status":"publish","type":"post","link":"https:\/\/entretormentas.com\/vuelta-a-la-patria-llegan-135-migrantes-repatriados-desde-eeuu-a-venezuela\/","title":{"rendered":"\u00a1VUELTA A LA PATRIA! Llegan 135 migrantes repatriados desde EEUU a Venezuela"},"content":{"rendered":"\n<p><strong>ENTRE TORMENTAS. <\/strong>Un grupo conformado por 135 migrantes venezolanos lleg\u00f3 este martes a Caracas en un avi\u00f3n proveniente de Estados Unidos, inform\u00f3 el canal estatal Venezolana de Televisi\u00f3n (VTV).<\/p>\n\n\n\n<p>En una transmisi\u00f3n desde el Aeropuerto de Maiquet\u00eda, que sirve a Caracas, VTV precis\u00f3 que los 135 migrantes proceden de Texas, EEUU, aunque no dio m\u00e1s detalles sobre la cifra.<\/p>\n\n\n\n<p>Asimismo, indic\u00f3 que los migrantes retornados en este vuelo -el n\u00famero 33 con repatriados venezolanos- recibir\u00e1n una atenci\u00f3n integral en salud, seguridad y asesor\u00eda jur\u00eddica, entre otros.<\/p>\n\n\n\n<p>El canal estatal agreg\u00f3 que la Gran Misi\u00f3n Vuelta a la Patria, el programa del Gobierno creado para facilitar el retorno de venezolanos, garantiza junto a las instituciones del Estado el apoyo a los migrantes que han sido \u00abv\u00edctimas en territorio estadounidense de detenciones arbitrarias, deportaciones sin causa, confiscaci\u00f3n de bienes y documentos, as\u00ed como tratos discriminatorios\u00bb.<\/p>\n\n\n\n<p>El lunes, el ministro de Interior y Justicia, Diosdado Cabello, inform\u00f3 que, adem\u00e1s del vuelo de este martes, Venezuela prev\u00e9 traer esta semana a m\u00e1s migrantes desde M\u00e9xico, sin precisar la cifra.<br><strong><em>ET \/ EFE<\/em><\/strong><\/p>\n\n\n\n<p><\/p>\n","protected":false},"excerpt":{"rendered":"<p>ENTRE TORMENTAS. Un grupo conformado por 135 migrantes venezolanos lleg\u00f3 este martes a Caracas en&#8230;<\/p>\n","protected":false},"author":2,"featured_media":18079,"comment_status":"closed","ping_status":"open","sticky":false,"template":"","format":"standard","meta":{"footnotes":""},"categories":[56,49],"tags":[],"class_list":["post-18078","post","type-post","status-publish","format-standard","has-post-thumbnail","hentry","category-destacadas","category-nacionales"],"_links":{"self":[{"href":"https:\/\/entretormentas.com\/index.php?rest_route=\/wp\/v2\/posts\/18078","targetHints":{"allow":["GET"]}}],"collection":[{"href":"https:\/\/entretormentas.com\/index.php?rest_route=\/wp\/v2\/posts"}],"about":[{"href":"https:\/\/entretormentas.com\/index.php?rest_route=\/wp\/v2\/types\/post"}],"author":[{"embeddable":true,"href":"https:\/\/entretormentas.com\/index.php?rest_route=\/wp\/v2\/users\/2"}],"replies":[{"embeddable":true,"href":"https:\/\/entretormentas.com\/index.php?rest_route=%2Fwp%2Fv2%2Fcomments&post=18078"}],"version-history":[{"count":1,"href":"https:\/\/entretormentas.com\/index.php?rest_route=\/wp\/v2\/posts\/18078\/revisions"}],"predecessor-version":[{"id":18080,"href":"https:\/\/entretormentas.com\/index.php?rest_route=\/wp\/v2\/posts\/18078\/revisions\/18080"}],"wp:featuredmedia":[{"embeddable":true,"href":"https:\/\/entretormentas.com\/index.php?rest_route=\/wp\/v2\/media\/18079"}],"wp:attachment":[{"href":"https:\/\/entretormentas.com\/index.php?rest_route=%2Fwp%2Fv2%2Fmedia&parent=18078"}],"wp:term":[{"taxonomy":"category","embeddable":true,"href":"https:\/\/entretormentas.com\/index.php?rest_route=%2Fwp%2Fv2%2Fcategories&post=18078"},{"taxonomy":"post_tag","embeddable":true,"href":"https:\/\/entretormentas.com\/index.php?rest_route=%2Fwp%2Fv2%2Ftags&post=18078"}],"curies":[{"name":"wp","href":"https:\/\/api.w.org\/{rel}","templated":true}]}}