{"id":18081,"date":"2025-06-18T10:42:56","date_gmt":"2025-06-18T08:42:56","guid":{"rendered":"https:\/\/entretormentas.com\/?p=18081"},"modified":"2025-06-18T10:42:57","modified_gmt":"2025-06-18T08:42:57","slug":"ante-la-onu-familiares-de-migrantes-detenidos-en-el-cecot-denuncian-violacion-de-los-ddhh","status":"publish","type":"post","link":"https:\/\/entretormentas.com\/ante-la-onu-familiares-de-migrantes-detenidos-en-el-cecot-denuncian-violacion-de-los-ddhh\/","title":{"rendered":"\u00a1ANTE LA ONU! Familiares de migrantes detenidos en el Cecot denuncian violaci\u00f3n de los DDHH"},"content":{"rendered":"\n<p><strong>ENTRE TORMENTAS. <\/strong>Familiares de los migrantes venezolanos detenidos en El Salvador denuncian ante el Consejo de Derechos Humanos de las Naciones Unidas (ONU), en Ginebra, Suiza, las violaciones de los derechos humanos contra los ciudadanos que se encuentran en el Centro de Confinamiento del Terrorismo (Cecot)<\/p>\n\n\n\n<p>La denuncia fue realizada en el marco del 59\u00b0 per\u00edodo de sesiones del organismo, donde se responsabiliz\u00f3 al Gobierno de Donald Trump por las deportaciones masivas y al presidente Nayib Bukele por la desaparici\u00f3n forzosa de al menos 252 venezolanos, refiere el canal del Estado en su portal web.<\/p>\n\n\n\n<figure class=\"wp-block-image size-full\"><img fetchpriority=\"high\" decoding=\"async\" width=\"677\" height=\"374\" src=\"https:\/\/entretormentas.com\/wp-content\/uploads\/2025\/06\/cecot2.jpeg\" alt=\"\" class=\"wp-image-18082\" srcset=\"https:\/\/entretormentas.com\/wp-content\/uploads\/2025\/06\/cecot2.jpeg 677w, https:\/\/entretormentas.com\/wp-content\/uploads\/2025\/06\/cecot2-300x166.jpeg 300w\" sizes=\"(max-width: 677px) 100vw, 677px\" \/><\/figure>\n\n\n\n<p>\u201cCon el fin de sensibilizar a las autoridades del Consejo, hacemos un llamado, un clamor a su sensibilidad humana, porque en el marco de los derechos humanos el bien protegido es la dignidad humana, que es lo que se est\u00e1 mancillando en este caso\u201d, expresaron.<\/p>\n\n\n\n<p>Los familiares estuvieron acompa\u00f1ados por el embajador Alexander Y\u00e1nez, representante permanente de Venezuela ante la ONU, quien respald\u00f3 el reclamo. Aseguran que m\u00e1s del 90 % de los detenidos no tienen antecedentes penales, lo cual desmiente la narrativa del gobierno salvadore\u00f1o.<\/p>\n\n\n\n<p>Cabe destacar que una delegaci\u00f3n venezolana tambi\u00e9n viaj\u00f3 a El Salvador el pasado 10 de junio, pero regres\u00f3 sin respuestas sobre el paradero o condiciones de los migrantes retenidos en el Cecot, rese\u00f1a \u00daltimas Noticias.<br><strong><em>ET \/ Agencias<\/em><\/strong><\/p>\n\n\n\n<p><\/p>\n","protected":false},"excerpt":{"rendered":"<p>ENTRE TORMENTAS. Familiares de los migrantes venezolanos detenidos en El Salvador denuncian ante el Consejo&#8230;<\/p>\n","protected":false},"author":2,"featured_media":18083,"comment_status":"closed","ping_status":"open","sticky":false,"template":"","format":"standard","meta":{"footnotes":""},"categories":[56,48],"tags":[],"class_list":["post-18081","post","type-post","status-publish","format-standard","has-post-thumbnail","hentry","category-destacadas","category-internacionales"],"_links":{"self":[{"href":"https:\/\/entretormentas.com\/index.php?rest_route=\/wp\/v2\/posts\/18081","targetHints":{"allow":["GET"]}}],"collection":[{"href":"https:\/\/entretormentas.com\/index.php?rest_route=\/wp\/v2\/posts"}],"about":[{"href":"https:\/\/entretormentas.com\/index.php?rest_route=\/wp\/v2\/types\/post"}],"author":[{"embeddable":true,"href":"https:\/\/entretormentas.com\/index.php?rest_route=\/wp\/v2\/users\/2"}],"replies":[{"embeddable":true,"href":"https:\/\/entretormentas.com\/index.php?rest_route=%2Fwp%2Fv2%2Fcomments&post=18081"}],"version-history":[{"count":1,"href":"https:\/\/entretormentas.com\/index.php?rest_route=\/wp\/v2\/posts\/18081\/revisions"}],"predecessor-version":[{"id":18084,"href":"https:\/\/entretormentas.com\/index.php?rest_route=\/wp\/v2\/posts\/18081\/revisions\/18084"}],"wp:featuredmedia":[{"embeddable":true,"href":"https:\/\/entretormentas.com\/index.php?rest_route=\/wp\/v2\/media\/18083"}],"wp:attachment":[{"href":"https:\/\/entretormentas.com\/index.php?rest_route=%2Fwp%2Fv2%2Fmedia&parent=18081"}],"wp:term":[{"taxonomy":"category","embeddable":true,"href":"https:\/\/entretormentas.com\/index.php?rest_route=%2Fwp%2Fv2%2Fcategories&post=18081"},{"taxonomy":"post_tag","embeddable":true,"href":"https:\/\/entretormentas.com\/index.php?rest_route=%2Fwp%2Fv2%2Ftags&post=18081"}],"curies":[{"name":"wp","href":"https:\/\/api.w.org\/{rel}","templated":true}]}}