{"id":18085,"date":"2025-06-18T10:45:08","date_gmt":"2025-06-18T08:45:08","guid":{"rendered":"https:\/\/entretormentas.com\/?p=18085"},"modified":"2025-06-18T10:45:08","modified_gmt":"2025-06-18T08:45:08","slug":"crisis-global-trump-advierte-a-iran-que-si-ataca-objetivos-de-eeuu-respondera-con-todas-sus-fuerzas","status":"publish","type":"post","link":"https:\/\/entretormentas.com\/crisis-global-trump-advierte-a-iran-que-si-ataca-objetivos-de-eeuu-respondera-con-todas-sus-fuerzas\/","title":{"rendered":"\u00a1CRISIS GLOBAL! Trump advierte a Ir\u00e1n que si ataca objetivos de EEUU responder\u00e1 con todas sus fuerzas"},"content":{"rendered":"\n<p><strong>ENTRE TORMENTAS. <\/strong>El presidente de Estados Unidos, Donald Trump, advirti\u00f3 este martes que si Ir\u00e1n ataca objetivos estadounidenses, la respuesta ser\u00e1 contundente.<\/p>\n\n\n\n<p>\u201cResponder\u00edamos con toda nuestra fuerza, sin contemplaciones\u201d, afirm\u00f3 el mandatario a los medios de informaci\u00f3n, de regreso a Washington desde la cumbre del G7 en Canad\u00e1, antes de a\u00f1adir: \u201cCreo que (los iran\u00edes) ya saben que no deben tocar nuestras tropas\u201d.<\/p>\n\n\n\n<p>Trump, quien se retir\u00f3 anticipadamente del G7, volvi\u00f3 a negar que hubiera abandonado la reuni\u00f3n para promover un alto el fuego entre Ir\u00e1n e Israel, como hab\u00eda sugerido el presidente franc\u00e9s, Emmanuel Macron.<\/p>\n\n\n\n<p>\u00abNo estoy buscando un cese de hostilidades, estamos buscando algo mejor\u201d, enfatiz\u00f3 Trump, reiterando: \u201cNunca dije que estuviera buscando un alto al fuego. Eso lo dijo Emmanuel\u2026 buen chico, pero no siempre tiene raz\u00f3n\u201d.<\/p>\n\n\n\n<p>A este respecto, realiz\u00f3 varias declaraciones aparentemente contradictorias.<\/p>\n\n\n\n<p>Por un lado, asegur\u00f3 que lo que buscaba era un \u00abun final real, no un alto al fuego\u00bb y que estaba considerando enviar al vicepresidente de Estados Unidos, JD Vance, y al emisario especial Steve Witkoff, para reunirse con representantes iran\u00edes.<\/p>\n\n\n\n<p>Sin embargo, apunt\u00f3 que no estaba \u00abmuy de humor para negociar\u201d con Ir\u00e1n.<br><strong><em>ET \/ EFE<\/em><\/strong><\/p>\n\n\n\n<p><\/p>\n","protected":false},"excerpt":{"rendered":"<p>ENTRE TORMENTAS. El presidente de Estados Unidos, Donald Trump, advirti\u00f3 este martes que si Ir\u00e1n&#8230;<\/p>\n","protected":false},"author":2,"featured_media":18086,"comment_status":"closed","ping_status":"open","sticky":false,"template":"","format":"standard","meta":{"footnotes":""},"categories":[56,48],"tags":[],"class_list":["post-18085","post","type-post","status-publish","format-standard","has-post-thumbnail","hentry","category-destacadas","category-internacionales"],"_links":{"self":[{"href":"https:\/\/entretormentas.com\/index.php?rest_route=\/wp\/v2\/posts\/18085","targetHints":{"allow":["GET"]}}],"collection":[{"href":"https:\/\/entretormentas.com\/index.php?rest_route=\/wp\/v2\/posts"}],"about":[{"href":"https:\/\/entretormentas.com\/index.php?rest_route=\/wp\/v2\/types\/post"}],"author":[{"embeddable":true,"href":"https:\/\/entretormentas.com\/index.php?rest_route=\/wp\/v2\/users\/2"}],"replies":[{"embeddable":true,"href":"https:\/\/entretormentas.com\/index.php?rest_route=%2Fwp%2Fv2%2Fcomments&post=18085"}],"version-history":[{"count":1,"href":"https:\/\/entretormentas.com\/index.php?rest_route=\/wp\/v2\/posts\/18085\/revisions"}],"predecessor-version":[{"id":18087,"href":"https:\/\/entretormentas.com\/index.php?rest_route=\/wp\/v2\/posts\/18085\/revisions\/18087"}],"wp:featuredmedia":[{"embeddable":true,"href":"https:\/\/entretormentas.com\/index.php?rest_route=\/wp\/v2\/media\/18086"}],"wp:attachment":[{"href":"https:\/\/entretormentas.com\/index.php?rest_route=%2Fwp%2Fv2%2Fmedia&parent=18085"}],"wp:term":[{"taxonomy":"category","embeddable":true,"href":"https:\/\/entretormentas.com\/index.php?rest_route=%2Fwp%2Fv2%2Fcategories&post=18085"},{"taxonomy":"post_tag","embeddable":true,"href":"https:\/\/entretormentas.com\/index.php?rest_route=%2Fwp%2Fv2%2Ftags&post=18085"}],"curies":[{"name":"wp","href":"https:\/\/api.w.org\/{rel}","templated":true}]}}