{"id":18092,"date":"2025-06-19T08:57:10","date_gmt":"2025-06-19T06:57:10","guid":{"rendered":"https:\/\/entretormentas.com\/?p=18092"},"modified":"2025-06-19T08:57:11","modified_gmt":"2025-06-19T06:57:11","slug":"rescatando-espacios-operativos-especiales-de-limpieza-se-mantiene-en-todo-san-francisco","status":"publish","type":"post","link":"https:\/\/entretormentas.com\/rescatando-espacios-operativos-especiales-de-limpieza-se-mantiene-en-todo-san-francisco\/","title":{"rendered":"\u00a1RESCATANDO ESPACIOS! Operativos especiales de limpieza se mantiene en todo San Francisco"},"content":{"rendered":"\n<p><strong>ENTRE TORMENTAS. <\/strong>Como parte del esfuerzo que se hace por la conservaci\u00f3n y limpieza de todos los espacios, a trav\u00e9s del Instituto P\u00fablico Municipal de Ambiente y Aseo Urbano (Imasur), se desarrollan constantemente operativos especiales de limpieza, que su suman al plan de recolecci\u00f3n domiciliaria, por disposici\u00f3n del alcalde Gustavo Fern\u00e1ndez, en su prop\u00f3sito de mantener un municipio limpio y saludable.<\/p>\n\n\n\n<p>Carlos Calles, presidente de Imasur, explic\u00f3 que se est\u00e1 haciendo el seguimiento de todo el trabajo de limpieza en cuatro puntos o vertederos improvisados. \u201cAvanzando en la recolecci\u00f3n de desechos s\u00f3lidos, con la recolecci\u00f3n de aproximadamente 250 toneladas de desechos, con maquinaria especial, en estos operativos de limpieza\u201d, inform\u00f3.<\/p>\n\n\n\n<figure class=\"wp-block-image size-large\"><img fetchpriority=\"high\" decoding=\"async\" width=\"1024\" height=\"680\" src=\"https:\/\/entretormentas.com\/wp-content\/uploads\/2025\/06\/ESPACIO2-1024x680.jpeg\" alt=\"\" class=\"wp-image-18093\" srcset=\"https:\/\/entretormentas.com\/wp-content\/uploads\/2025\/06\/ESPACIO2-1024x680.jpeg 1024w, https:\/\/entretormentas.com\/wp-content\/uploads\/2025\/06\/ESPACIO2-300x199.jpeg 300w, https:\/\/entretormentas.com\/wp-content\/uploads\/2025\/06\/ESPACIO2-768x510.jpeg 768w, https:\/\/entretormentas.com\/wp-content\/uploads\/2025\/06\/ESPACIO2.jpeg 1280w\" sizes=\"(max-width: 1024px) 100vw, 1024px\" \/><\/figure>\n\n\n\n<p>Adem\u00e1s, indic\u00f3 que estos operativos se suman a la labor de recolecci\u00f3n de las unidades compactadoras en todas las parroquias del municipio. \u201cSi estamos teniendo un servicio domiciliario, no podemos permitir que estos sitios se sigan creando. Esperemos los d\u00edas de recolecci\u00f3n domiciliaria\u201d, advirti\u00f3.<\/p>\n\n\n\n<p>Calles refiri\u00f3 que el trabajo se realiz\u00f3 este martes en un espacio al lado de la cerca perimetral del Colegio San Ignacio y en la esquina de la Chatarrera en el sector El Silencio de la parroquia Domitila Flores; as\u00ed como frente al complejo residencial Villa Para\u00edso en la parroquia El Bajo, y en el sector Castillete de la parroquia Marcial Hern\u00e1ndez.<\/p>\n\n\n\n<figure class=\"wp-block-image size-large\"><img decoding=\"async\" width=\"1024\" height=\"746\" src=\"https:\/\/entretormentas.com\/wp-content\/uploads\/2025\/06\/ESPACIO3-1024x746.jpeg\" alt=\"\" class=\"wp-image-18094\" srcset=\"https:\/\/entretormentas.com\/wp-content\/uploads\/2025\/06\/ESPACIO3-1024x746.jpeg 1024w, https:\/\/entretormentas.com\/wp-content\/uploads\/2025\/06\/ESPACIO3-300x219.jpeg 300w, https:\/\/entretormentas.com\/wp-content\/uploads\/2025\/06\/ESPACIO3-768x560.jpeg 768w, https:\/\/entretormentas.com\/wp-content\/uploads\/2025\/06\/ESPACIO3.jpeg 1280w\" sizes=\"(max-width: 1024px) 100vw, 1024px\" \/><\/figure>\n\n\n\n<p>El director de la Unidad Educativa Colegio San Ignacio, Fernando Contreras, agradeci\u00f3 el trabajo de limpieza ejecutado. \u201cHacemos un llamado a la comunidad para que tome conciencia y evite lanzar sus desechos a<br>esta parte de la escuela. En varias ocasiones nos hemos visto afectados por esta situaci\u00f3n, porque la queman y siguen da\u00f1ando la pared perimetral de<br>nuestra instituci\u00f3n\u201d.<\/p>\n\n\n\n<p><strong>MEDIDAS PARA RESCATAR ESPACIOS<br><\/strong>La direcci\u00f3n de Plazas y Parques adscrita a Imasur tambi\u00e9n se mantiene erradicando los espacios denominados \u201cplayones\u201d o vertederos improvisados. Anderson Le\u00f3n, director de Plazas y Parques, se\u00f1al\u00f3 que como medida para evitar que vuelvan a lanzar desechos en estos sitios que peri\u00f3dicamente se vienen limpiando, se est\u00e1n recuperando esos espacios con la siembra de \u00e1rboles, pintando los brocales y colocando cauchos pintados.<\/p>\n\n\n\n<figure class=\"wp-block-image size-large\"><img decoding=\"async\" width=\"1024\" height=\"680\" src=\"https:\/\/entretormentas.com\/wp-content\/uploads\/2025\/06\/ESPACIO4-1024x680.jpeg\" alt=\"\" class=\"wp-image-18095\" srcset=\"https:\/\/entretormentas.com\/wp-content\/uploads\/2025\/06\/ESPACIO4-1024x680.jpeg 1024w, https:\/\/entretormentas.com\/wp-content\/uploads\/2025\/06\/ESPACIO4-300x199.jpeg 300w, https:\/\/entretormentas.com\/wp-content\/uploads\/2025\/06\/ESPACIO4-768x510.jpeg 768w, https:\/\/entretormentas.com\/wp-content\/uploads\/2025\/06\/ESPACIO4.jpeg 1280w\" sizes=\"(max-width: 1024px) 100vw, 1024px\" \/><\/figure>\n\n\n\n<p>Agreg\u00f3 Le\u00f3n que este trabajo se realiz\u00f3 y se puede apreciar en la parroquia San Francisco, en el Complejo El Sol, en la entrada de Ciudad El Sol y en la esquina del Instituto Universitario San Francisco, IUSF; de igual forma frente a la plaza El Estudiante y en Francisco Ochoa en el corredor vial de la 18, entre otros puntos del municipio.<br><strong><em>ET \/ Alcald\u00eda de San Francisco<\/em><\/strong><\/p>\n","protected":false},"excerpt":{"rendered":"<p>ENTRE TORMENTAS. Como parte del esfuerzo que se hace por la conservaci\u00f3n y limpieza de&#8230;<\/p>\n","protected":false},"author":2,"featured_media":18096,"comment_status":"closed","ping_status":"open","sticky":false,"template":"","format":"standard","meta":{"footnotes":""},"categories":[1],"tags":[],"class_list":["post-18092","post","type-post","status-publish","format-standard","has-post-thumbnail","hentry","category-regionales"],"_links":{"self":[{"href":"https:\/\/entretormentas.com\/index.php?rest_route=\/wp\/v2\/posts\/18092","targetHints":{"allow":["GET"]}}],"collection":[{"href":"https:\/\/entretormentas.com\/index.php?rest_route=\/wp\/v2\/posts"}],"about":[{"href":"https:\/\/entretormentas.com\/index.php?rest_route=\/wp\/v2\/types\/post"}],"author":[{"embeddable":true,"href":"https:\/\/entretormentas.com\/index.php?rest_route=\/wp\/v2\/users\/2"}],"replies":[{"embeddable":true,"href":"https:\/\/entretormentas.com\/index.php?rest_route=%2Fwp%2Fv2%2Fcomments&post=18092"}],"version-history":[{"count":1,"href":"https:\/\/entretormentas.com\/index.php?rest_route=\/wp\/v2\/posts\/18092\/revisions"}],"predecessor-version":[{"id":18097,"href":"https:\/\/entretormentas.com\/index.php?rest_route=\/wp\/v2\/posts\/18092\/revisions\/18097"}],"wp:featuredmedia":[{"embeddable":true,"href":"https:\/\/entretormentas.com\/index.php?rest_route=\/wp\/v2\/media\/18096"}],"wp:attachment":[{"href":"https:\/\/entretormentas.com\/index.php?rest_route=%2Fwp%2Fv2%2Fmedia&parent=18092"}],"wp:term":[{"taxonomy":"category","embeddable":true,"href":"https:\/\/entretormentas.com\/index.php?rest_route=%2Fwp%2Fv2%2Fcategories&post=18092"},{"taxonomy":"post_tag","embeddable":true,"href":"https:\/\/entretormentas.com\/index.php?rest_route=%2Fwp%2Fv2%2Ftags&post=18092"}],"curies":[{"name":"wp","href":"https:\/\/api.w.org\/{rel}","templated":true}]}}