{"id":18098,"date":"2025-06-19T09:01:43","date_gmt":"2025-06-19T07:01:43","guid":{"rendered":"https:\/\/entretormentas.com\/?p=18098"},"modified":"2025-06-19T09:01:43","modified_gmt":"2025-06-19T07:01:43","slug":"ante-el-cne-conive-inscribe-candidatos-para-concejalias-indigenas-del-zulia","status":"publish","type":"post","link":"https:\/\/entretormentas.com\/ante-el-cne-conive-inscribe-candidatos-para-concejalias-indigenas-del-zulia\/","title":{"rendered":"\u00a1ANTE EL CNE! CONIVE inscribe candidatos para concejal\u00edas ind\u00edgenas del Zulia"},"content":{"rendered":"\n<p><strong>ENTRE TORMENTAS.<\/strong> Este martes 17 de junio la organizaci\u00f3n ind\u00edgena CONIVE inscribi\u00f3 a los candidatos a concejales y concejalas por la representaci\u00f3n ind\u00edgena del estado Zulia ante el Consejo Nacional Electoral.<\/p>\n\n\n\n<p>Eduardo Mayor, Vicecoordinador de la Organizaci\u00f3n Regional de los Pueblos Ind\u00edgenas (ORPIZ) base de CONIVE destac\u00f3 que a partir de la fecha los hombres y mujeres de los 5 pueblos originarios que habitan en la entidad zuliana inscritos por la organizaci\u00f3n que lidera la diputada Noeli Pocaterra, tendr\u00e1n la responsabilidad de acompa\u00f1ar las pol\u00edticas de inclusi\u00f3n y atenci\u00f3n social que impulsa el Presidente Nicol\u00e1s Maduro y la Ministra Clara Vidal hacia los pueblos ind\u00edgenas, elevando la voz de las comunidades ancestrales desde el curul de cada Concejo Municipal donde est\u00e9n designados.<\/p>\n\n\n\n<figure class=\"wp-block-image size-large\"><img fetchpriority=\"high\" decoding=\"async\" width=\"1024\" height=\"576\" src=\"https:\/\/entretormentas.com\/wp-content\/uploads\/2025\/06\/INDIG2-1024x576.jpeg\" alt=\"\" class=\"wp-image-18099\" srcset=\"https:\/\/entretormentas.com\/wp-content\/uploads\/2025\/06\/INDIG2-1024x576.jpeg 1024w, https:\/\/entretormentas.com\/wp-content\/uploads\/2025\/06\/INDIG2-300x169.jpeg 300w, https:\/\/entretormentas.com\/wp-content\/uploads\/2025\/06\/INDIG2-768x432.jpeg 768w, https:\/\/entretormentas.com\/wp-content\/uploads\/2025\/06\/INDIG2.jpeg 1080w\" sizes=\"(max-width: 1024px) 100vw, 1024px\" \/><\/figure>\n\n\n\n<p>A su vez, Agler Kaled Fern\u00e1ndez, candidato a la concejal\u00eda ind\u00edgena de Maracaibo, asever\u00f3 que el trabajo ser\u00e1 continuar escuchando los planteamientos de los l\u00edderes comunales ind\u00edgenas en las parroquias con presencia ind\u00edgena para proponer ordenanzas que contribuyan a la atenci\u00f3n y soluci\u00f3n de las necesidades del pueblo.<\/p>\n\n\n\n<p>Por su parte, Eliezer Mendoza, candidato por el municipio Rosario de Perij\u00e1, explic\u00f3 que en su territorio habitan los pueblos Yukpas, Japreria y Wayuu por ende, debe consolidar un equipo de dirigentes ind\u00edgenas que unifiquen planes y proyectos que sumen beneficios sociales y faciliten la productividad de las familias en este territorio agropecuario.<\/p>\n\n\n\n<figure class=\"wp-block-image size-large\"><img decoding=\"async\" width=\"1024\" height=\"576\" src=\"https:\/\/entretormentas.com\/wp-content\/uploads\/2025\/06\/INDIG3-1024x576.jpeg\" alt=\"\" class=\"wp-image-18100\" srcset=\"https:\/\/entretormentas.com\/wp-content\/uploads\/2025\/06\/INDIG3-1024x576.jpeg 1024w, https:\/\/entretormentas.com\/wp-content\/uploads\/2025\/06\/INDIG3-300x169.jpeg 300w, https:\/\/entretormentas.com\/wp-content\/uploads\/2025\/06\/INDIG3-768x432.jpeg 768w, https:\/\/entretormentas.com\/wp-content\/uploads\/2025\/06\/INDIG3.jpeg 1080w\" sizes=\"(max-width: 1024px) 100vw, 1024px\" \/><\/figure>\n\n\n\n<p>Asimismo, Vicenta Morillo, candidata a concejal ind\u00edgena por el municipio Guajira expres\u00f3 que la llegada de Luis Caldera a la Gobernaci\u00f3n los ind\u00edgenas cuentan con un hermano que estar\u00e1 acompa\u00f1ando todas sus propuestas legislativas en aras de garantizar el buen vivir de las comunidades originarias.<\/p>\n\n\n\n<p>El pr\u00f3ximo 3 de agosto los ind\u00edgenas del Zulia elegir\u00e1n sus concejales y concejalas y el Consejo Nacional Indio de Venezuela CONIVE como organizaci\u00f3n estar\u00e1 representada por estos l\u00edderes y lideresas para ocupar estos cargos de representaci\u00f3n legislativa municipal.<br><strong><em>ET \/ Prensa CONIVE Zulia<\/em><\/strong><\/p>\n","protected":false},"excerpt":{"rendered":"<p>ENTRE TORMENTAS. Este martes 17 de junio la organizaci\u00f3n ind\u00edgena CONIVE inscribi\u00f3 a los candidatos&#8230;<\/p>\n","protected":false},"author":2,"featured_media":18101,"comment_status":"closed","ping_status":"open","sticky":false,"template":"","format":"standard","meta":{"footnotes":""},"categories":[1],"tags":[],"class_list":["post-18098","post","type-post","status-publish","format-standard","has-post-thumbnail","hentry","category-regionales"],"_links":{"self":[{"href":"https:\/\/entretormentas.com\/index.php?rest_route=\/wp\/v2\/posts\/18098","targetHints":{"allow":["GET"]}}],"collection":[{"href":"https:\/\/entretormentas.com\/index.php?rest_route=\/wp\/v2\/posts"}],"about":[{"href":"https:\/\/entretormentas.com\/index.php?rest_route=\/wp\/v2\/types\/post"}],"author":[{"embeddable":true,"href":"https:\/\/entretormentas.com\/index.php?rest_route=\/wp\/v2\/users\/2"}],"replies":[{"embeddable":true,"href":"https:\/\/entretormentas.com\/index.php?rest_route=%2Fwp%2Fv2%2Fcomments&post=18098"}],"version-history":[{"count":1,"href":"https:\/\/entretormentas.com\/index.php?rest_route=\/wp\/v2\/posts\/18098\/revisions"}],"predecessor-version":[{"id":18102,"href":"https:\/\/entretormentas.com\/index.php?rest_route=\/wp\/v2\/posts\/18098\/revisions\/18102"}],"wp:featuredmedia":[{"embeddable":true,"href":"https:\/\/entretormentas.com\/index.php?rest_route=\/wp\/v2\/media\/18101"}],"wp:attachment":[{"href":"https:\/\/entretormentas.com\/index.php?rest_route=%2Fwp%2Fv2%2Fmedia&parent=18098"}],"wp:term":[{"taxonomy":"category","embeddable":true,"href":"https:\/\/entretormentas.com\/index.php?rest_route=%2Fwp%2Fv2%2Fcategories&post=18098"},{"taxonomy":"post_tag","embeddable":true,"href":"https:\/\/entretormentas.com\/index.php?rest_route=%2Fwp%2Fv2%2Ftags&post=18098"}],"curies":[{"name":"wp","href":"https:\/\/api.w.org\/{rel}","templated":true}]}}