{"id":18103,"date":"2025-06-19T09:04:35","date_gmt":"2025-06-19T07:04:35","guid":{"rendered":"https:\/\/entretormentas.com\/?p=18103"},"modified":"2025-06-19T09:04:35","modified_gmt":"2025-06-19T07:04:35","slug":"adrian-romero-responde-a-su-contendor-del-psuv-mientras-mas-alto-vuelan-mas-duro-es-la-caida","status":"publish","type":"post","link":"https:\/\/entretormentas.com\/adrian-romero-responde-a-su-contendor-del-psuv-mientras-mas-alto-vuelan-mas-duro-es-la-caida\/","title":{"rendered":"ADRI\u00c1N ROMERO RESPONDE A SU CONTENDOR DEL PSUV: \u201cMientras m\u00e1s alto vuelan m\u00e1s duro es la ca\u00edda\u201d"},"content":{"rendered":"\n<p><strong>ENTRE TORMENTAS.<\/strong> Adri\u00e1n Romero Mart\u00ednez, el candidato unitario de oposici\u00f3n a la Alcald\u00eda de Maracaibo, est\u00e1 concentrado en el trabajo por la ciudad y en demostrar por qu\u00e9 se debe dar continuidad a la gesti\u00f3n que inici\u00f3 en 2021 con Rafael Ram\u00edrez Colina.<\/p>\n\n\n\n<p>En su primer d\u00eda como candidato y ante las palabras de su contendor del PSUV en las pr\u00f3ximas elecciones, quien mencion\u00f3 que \u201c\u00e1guila no caza mosca\u201d, Romero Mart\u00ednez destac\u00f3 que cuando se vuela \u201cmuy alto m\u00e1s duro es la ca\u00edda\u201d.<\/p>\n\n\n\n<p>\u201cMe dicen que le tienen reservado el consulado en Italia y que el d\u00eda 28 retornar\u00eda a la ciudad de Mil\u00e1n a seguir cumpliendo sus funciones como c\u00f3nsul y nosotros aqu\u00ed construyendo soluciones para este gran municipio\u201d, recalc\u00f3 ante los medios de comunicaci\u00f3n que lo abordaron durante un evento de gesti\u00f3n que se realiz\u00f3 en el palacio municipal.<\/p>\n\n\n\n<p>El pol\u00edtico se\u00f1al\u00f3 que no est\u00e1 para caer en \u201cpeque\u00f1eces\u201d, porque est\u00e1 convencido que el 27 de julio \u201cla gente va a decidir entre si volvemos al pasado o seguimos en el futuro, ese futuro de progreso, de soluciones, de mejoras para nuestra gran ciudad y ese es el objetivo que tenemos en esta campa\u00f1a que va iniciando, pero que est\u00e1 a la vista de todos los marabinos\u201d.<\/p>\n\n\n\n<p>El alcalde encargado enfatiz\u00f3 que se mantiene en las calles cumpliendo con el trabajo que no se ha detenido desde que asumi\u00f3 el cargo. \u201cNosotros estamos en cada rinc\u00f3n de Maracaibo. Desde este mi\u00e9rcoles hasta el s\u00e1bado vamos a recorrer las 18 parroquias, llevando soluciones\u00bb.<\/p>\n\n\n\n<p><strong>LLAMADO AL VOTO<\/strong><br>Adri\u00e1n Romero reiter\u00f3 la importancia que tiene el voto, asegurando que la poblaci\u00f3n entendi\u00f3 el error que cometi\u00f3 una parte de la oposici\u00f3n que llam\u00f3 la abstenci\u00f3n para el 25 de mayo.<\/p>\n\n\n\n<p>\u201cEstoy convencido que si salimos masivamente el pr\u00f3ximo 27 de julio vamos a reivindicar el sentido maracucho. Maracaibo no va volver a un pasado de destrucci\u00f3n, sino que vamos a seguir en progreso y desarrollo\u201d, puntualiz\u00f3.<\/p>\n\n\n\n<p>Revel\u00f3 que en las comunidades que recorre diariamente ya ha recibido mensajes de apoyo. \u201cMe llegan para decirme que, aunque se abstuvieron en votar el 25 de mayo, ahora si van a salir a defender la Casa Grande\u201d.<\/p>\n\n\n\n<p>El candidato unitario insisti\u00f3 que como candidato electoral est\u00e1 trabajando en convencer a los abstencionistas. \u201cDe ahora en adelante vamos a llamar es al voto, si la gente sale y participa no tenemos la menor duda de que el 27 de julio vamos a tener un triunfo rotundo\u201d.<br><strong><em>ET \/ Nota de Prensa<\/em><\/strong><\/p>\n\n\n\n<p><\/p>\n","protected":false},"excerpt":{"rendered":"<p>ENTRE TORMENTAS. Adri\u00e1n Romero Mart\u00ednez, el candidato unitario de oposici\u00f3n a la Alcald\u00eda de Maracaibo,&#8230;<\/p>\n","protected":false},"author":2,"featured_media":18104,"comment_status":"closed","ping_status":"open","sticky":false,"template":"","format":"standard","meta":{"footnotes":""},"categories":[57,1],"tags":[],"class_list":["post-18103","post","type-post","status-publish","format-standard","has-post-thumbnail","hentry","category-actualidad","category-regionales"],"_links":{"self":[{"href":"https:\/\/entretormentas.com\/index.php?rest_route=\/wp\/v2\/posts\/18103","targetHints":{"allow":["GET"]}}],"collection":[{"href":"https:\/\/entretormentas.com\/index.php?rest_route=\/wp\/v2\/posts"}],"about":[{"href":"https:\/\/entretormentas.com\/index.php?rest_route=\/wp\/v2\/types\/post"}],"author":[{"embeddable":true,"href":"https:\/\/entretormentas.com\/index.php?rest_route=\/wp\/v2\/users\/2"}],"replies":[{"embeddable":true,"href":"https:\/\/entretormentas.com\/index.php?rest_route=%2Fwp%2Fv2%2Fcomments&post=18103"}],"version-history":[{"count":1,"href":"https:\/\/entretormentas.com\/index.php?rest_route=\/wp\/v2\/posts\/18103\/revisions"}],"predecessor-version":[{"id":18105,"href":"https:\/\/entretormentas.com\/index.php?rest_route=\/wp\/v2\/posts\/18103\/revisions\/18105"}],"wp:featuredmedia":[{"embeddable":true,"href":"https:\/\/entretormentas.com\/index.php?rest_route=\/wp\/v2\/media\/18104"}],"wp:attachment":[{"href":"https:\/\/entretormentas.com\/index.php?rest_route=%2Fwp%2Fv2%2Fmedia&parent=18103"}],"wp:term":[{"taxonomy":"category","embeddable":true,"href":"https:\/\/entretormentas.com\/index.php?rest_route=%2Fwp%2Fv2%2Fcategories&post=18103"},{"taxonomy":"post_tag","embeddable":true,"href":"https:\/\/entretormentas.com\/index.php?rest_route=%2Fwp%2Fv2%2Ftags&post=18103"}],"curies":[{"name":"wp","href":"https:\/\/api.w.org\/{rel}","templated":true}]}}