{"id":18112,"date":"2025-06-19T09:14:22","date_gmt":"2025-06-19T07:14:22","guid":{"rendered":"https:\/\/entretormentas.com\/?p=18112"},"modified":"2025-06-19T09:14:23","modified_gmt":"2025-06-19T07:14:23","slug":"renovado-y-equipado-entregan-completamente-rehabilitado-el-cdi-de-valle-frio-en-maracaibo","status":"publish","type":"post","link":"https:\/\/entretormentas.com\/renovado-y-equipado-entregan-completamente-rehabilitado-el-cdi-de-valle-frio-en-maracaibo\/","title":{"rendered":"\u00a1RENOVADO Y EQUIPADO! Entregan completamente rehabilitado el CDI de Valle Fr\u00edo en Maracaibo"},"content":{"rendered":"\n<p><strong>ENTRE TORMENTAS. <\/strong>El Gobierno nacional, junto a la Gobernaci\u00f3n del Zulia, hicieron entrega del Centro de Diagn\u00f3stico Integral Valle Fr\u00edo y Sala de Rehabilitaci\u00f3n totalmente rehabilitado, a la comunidad de la parroquia Olegario Villalobos.<\/p>\n\n\n\n<p>El gobernador del Zulia, Luis Caldera, inform\u00f3 que la rehabilitaci\u00f3n del CDI y el SRI de Valle Fr\u00edo, es una inversi\u00f3n del Gobierno del Presidente Nicol\u00e1s Maduro, a trav\u00e9s del Ministerio para la Salud, a cargo de Magaly Guti\u00e9rrez, para garantizar la atenci\u00f3n de salud de la comunidad de esta populosa parroquia de Maracaibo.<\/p>\n\n\n\n<figure class=\"wp-block-image size-full\"><img fetchpriority=\"high\" decoding=\"async\" width=\"1024\" height=\"681\" src=\"https:\/\/entretormentas.com\/wp-content\/uploads\/2025\/06\/CDIVALLE2.jpeg\" alt=\"\" class=\"wp-image-18113\" srcset=\"https:\/\/entretormentas.com\/wp-content\/uploads\/2025\/06\/CDIVALLE2.jpeg 1024w, https:\/\/entretormentas.com\/wp-content\/uploads\/2025\/06\/CDIVALLE2-300x200.jpeg 300w, https:\/\/entretormentas.com\/wp-content\/uploads\/2025\/06\/CDIVALLE2-768x511.jpeg 768w\" sizes=\"(max-width: 1024px) 100vw, 1024px\" \/><\/figure>\n\n\n\n<p>Destac\u00f3 el gobernador que se adquirieron 159 equipos nuevos, reactivando con este aporte los servicios m\u00e9dicos que se prestan en este centro m\u00e9dico. Asimismo, fue reasfaltada la zona aleda\u00f1a a la entrada para un mejor acceso.<\/p>\n\n\n\n<p>En el SRI la comunidad tendr\u00e1 atenci\u00f3n en fisiatr\u00eda, terapia de lenguaje, magnetoterapia, electroterapia, hidroterapia, gimnasio, parafina, diatermia, infrarrojo; mientras que en el CDI hay servicio de odontolog\u00eda, Rayos X, consulta de adulto mayor, pediatr\u00eda, ginecolog\u00eda, laboratorio, oftalmolog\u00eda, endoscopia, ecograf\u00eda y electrocardiograma. Sumado a todas estas especialidades se incluye la emergencia 24 horas y terapia intensiva.<\/p>\n\n\n\n<figure class=\"wp-block-image size-full\"><img decoding=\"async\" width=\"1024\" height=\"681\" src=\"https:\/\/entretormentas.com\/wp-content\/uploads\/2025\/06\/CDIVALLE3.jpeg\" alt=\"\" class=\"wp-image-18114\" srcset=\"https:\/\/entretormentas.com\/wp-content\/uploads\/2025\/06\/CDIVALLE3.jpeg 1024w, https:\/\/entretormentas.com\/wp-content\/uploads\/2025\/06\/CDIVALLE3-300x200.jpeg 300w, https:\/\/entretormentas.com\/wp-content\/uploads\/2025\/06\/CDIVALLE3-768x511.jpeg 768w\" sizes=\"(max-width: 1024px) 100vw, 1024px\" \/><\/figure>\n\n\n\n<p>En esta actividad Caldera estuvo acompa\u00f1ado del candidato a la alcald\u00eda de Maracaibo, Giancarlo Di Martino, quien record\u00f3 que hace algunos a\u00f1os cuando iniciaron sus gestiones de gobierno municipales, inici\u00f3 este programa Barrio Adentro, y que \u201cfue muy dif\u00edcil construir y consolidar, lo golpearon por todas partes y fue el pueblo, fue la gente que pudo soportar los embates y la guerra que le hicieron a Barrio Adentro y los m\u00e9dicos cubanos compartieron con nuestro pueblo y avanzaron, y all\u00ed el pueblo resisti\u00f3 y se fueron construyendo los primeros m\u00f3dulos, los CDI-SRI y nos convertimos en la vanguardia de la medicina p\u00fablica de toda Latinoam\u00e9rica\u201d.<\/p>\n\n\n\n<p>Por su parte, el Viceministro de Recursos, Tecnolog\u00eda y Regulaci\u00f3n del Ministerio para la Salud, Jos\u00e9 Miguel Medina, felicit\u00f3 el Plan Cayapa de Salud que lleva adelante el Gobernador Luis Caldera, agradeciendo a la Ministra Magaly Guti\u00e9rrez por todo el apoyo e hizo extensivas sus palabras de felicitaci\u00f3n a todo el equipo de Barrio Adentro que con esfuerzo, lograron esta rehabilitaci\u00f3n y que \u201cgracias a nuestro Presidente hoy est\u00e1 ac\u00e1 su equipo de trabajo, el equipo del Presidente Nicol\u00e1s Maduro\u201d.<br><strong><em>ET \/ Nota de Prensa<\/em><\/strong><\/p>\n","protected":false},"excerpt":{"rendered":"<p>ENTRE TORMENTAS. El Gobierno nacional, junto a la Gobernaci\u00f3n del Zulia, hicieron entrega del Centro&#8230;<\/p>\n","protected":false},"author":2,"featured_media":18115,"comment_status":"closed","ping_status":"open","sticky":false,"template":"","format":"standard","meta":{"footnotes":""},"categories":[57,1],"tags":[],"class_list":["post-18112","post","type-post","status-publish","format-standard","has-post-thumbnail","hentry","category-actualidad","category-regionales"],"_links":{"self":[{"href":"https:\/\/entretormentas.com\/index.php?rest_route=\/wp\/v2\/posts\/18112","targetHints":{"allow":["GET"]}}],"collection":[{"href":"https:\/\/entretormentas.com\/index.php?rest_route=\/wp\/v2\/posts"}],"about":[{"href":"https:\/\/entretormentas.com\/index.php?rest_route=\/wp\/v2\/types\/post"}],"author":[{"embeddable":true,"href":"https:\/\/entretormentas.com\/index.php?rest_route=\/wp\/v2\/users\/2"}],"replies":[{"embeddable":true,"href":"https:\/\/entretormentas.com\/index.php?rest_route=%2Fwp%2Fv2%2Fcomments&post=18112"}],"version-history":[{"count":1,"href":"https:\/\/entretormentas.com\/index.php?rest_route=\/wp\/v2\/posts\/18112\/revisions"}],"predecessor-version":[{"id":18116,"href":"https:\/\/entretormentas.com\/index.php?rest_route=\/wp\/v2\/posts\/18112\/revisions\/18116"}],"wp:featuredmedia":[{"embeddable":true,"href":"https:\/\/entretormentas.com\/index.php?rest_route=\/wp\/v2\/media\/18115"}],"wp:attachment":[{"href":"https:\/\/entretormentas.com\/index.php?rest_route=%2Fwp%2Fv2%2Fmedia&parent=18112"}],"wp:term":[{"taxonomy":"category","embeddable":true,"href":"https:\/\/entretormentas.com\/index.php?rest_route=%2Fwp%2Fv2%2Fcategories&post=18112"},{"taxonomy":"post_tag","embeddable":true,"href":"https:\/\/entretormentas.com\/index.php?rest_route=%2Fwp%2Fv2%2Ftags&post=18112"}],"curies":[{"name":"wp","href":"https:\/\/api.w.org\/{rel}","templated":true}]}}