{"id":18117,"date":"2025-06-19T09:20:00","date_gmt":"2025-06-19T07:20:00","guid":{"rendered":"https:\/\/entretormentas.com\/?p=18117"},"modified":"2025-06-19T09:20:01","modified_gmt":"2025-06-19T07:20:01","slug":"san-francisco-elegira-entre-volver-a-la-desidia-o-seguir-modernizandose-gustavo-fernandez-presenta-plancha-unitaria-para-el-27-jul","status":"publish","type":"post","link":"https:\/\/entretormentas.com\/san-francisco-elegira-entre-volver-a-la-desidia-o-seguir-modernizandose-gustavo-fernandez-presenta-plancha-unitaria-para-el-27-jul\/","title":{"rendered":"\u00abSAN FRANCISCO ELEGIR\u00c1 ENTRE VOLVER A LA DESIDIA O SEGUIR MODERNIZ\u00c1NDOSE\u00bb: Gustavo Fern\u00e1ndez presenta plancha unitaria para el 27-Jul"},"content":{"rendered":"\n<p><strong>ENTRE TORMENTAS. <\/strong>En una rueda de prensa celebrada este martes 18 de junio, el alcalde de San Francisco, Gustavo Fern\u00e1ndez, present\u00f3 oficialmente la plancha unitaria que lo acompa\u00f1ar\u00e1 en las elecciones municipales del pr\u00f3ximo 27 de julio.<\/p>\n\n\n\n<p>El acto, que cont\u00f3 con la presencia de l\u00edderes comunitarios, representantes de la sociedad civil y medios de comunicaci\u00f3n, fue un llamado a la unidad, la participaci\u00f3n activa y la defensa de los logros alcanzados en los \u00faltimos a\u00f1os.<\/p>\n\n\n\n<figure class=\"wp-block-image size-large\"><img fetchpriority=\"high\" decoding=\"async\" width=\"1024\" height=\"768\" src=\"https:\/\/entretormentas.com\/wp-content\/uploads\/2025\/06\/GFPLANCHA2-1024x768.jpeg\" alt=\"\" class=\"wp-image-18118\" srcset=\"https:\/\/entretormentas.com\/wp-content\/uploads\/2025\/06\/GFPLANCHA2-1024x768.jpeg 1024w, https:\/\/entretormentas.com\/wp-content\/uploads\/2025\/06\/GFPLANCHA2-300x225.jpeg 300w, https:\/\/entretormentas.com\/wp-content\/uploads\/2025\/06\/GFPLANCHA2-768x576.jpeg 768w, https:\/\/entretormentas.com\/wp-content\/uploads\/2025\/06\/GFPLANCHA2.jpeg 1280w\" sizes=\"(max-width: 1024px) 100vw, 1024px\" \/><\/figure>\n\n\n\n<p>La plancha unitaria est\u00e1 integrada por hombres y mujeres provenientes de distintos sectores del municipio: j\u00f3venes, profesionales, acad\u00e9micos y l\u00edderes comunitarios, con el objetivo de asegurar una gesti\u00f3n inclusiva, cercana y efectiva.<\/p>\n\n\n\n<p>El voto lista de candidatos est\u00e1 encabezada por Ybrahim Guti\u00e9rrez y Violetta Soto, adem\u00e1s de Jos\u00e9 Javier Mart\u00ednez, Linda Rinc\u00f3n, Jos\u00e9 Carlos Montilla, Jos\u00e9 Sequera, Chael Chourio, Eleazar Pacheco, Gregoria Gonz\u00e1lez, Katiuska Dur\u00e1n, Alejandra Urdaneta y Arlendar Albornoz.<\/p>\n\n\n\n<p><strong>Candidatos por circuito:<\/strong><br>Circuito 1 (San Francisco y Francisco Ochoa): Ronald Prieto y Angelina Rangel<br>Circuito 2 (Domitila Flores y El Bajo): Milagros Montiel y Alvis Parra<br>Circuito 3 (Jos\u00e9 Domingo Rus, Marcial Hern\u00e1ndez y Los Cortijos): Miguel Games y Yusmairy Romero<\/p>\n\n\n\n<p>Durante sus declaraciones, Fern\u00e1ndez hizo \u00e9nfasis en las consecuencias que dej\u00f3 la abstenci\u00f3n en las pasadas elecciones regionales. \u201cLa abstenci\u00f3n dej\u00f3 una profunda huella de arrepentimiento en la sociedad y en electores del Zulia; de eso no escapan en San Francisco. El haber perdido la oportunidad de seguir teniendo a un gobernador como Manuel Rosales en el estado, nos dej\u00f3 una amarga experiencia\u201d, afirm\u00f3.<\/p>\n\n\n\n<figure class=\"wp-block-image size-large\"><img decoding=\"async\" width=\"1024\" height=\"682\" src=\"https:\/\/entretormentas.com\/wp-content\/uploads\/2025\/06\/GFPLANCHA3-1024x682.jpeg\" alt=\"\" class=\"wp-image-18119\" srcset=\"https:\/\/entretormentas.com\/wp-content\/uploads\/2025\/06\/GFPLANCHA3-1024x682.jpeg 1024w, https:\/\/entretormentas.com\/wp-content\/uploads\/2025\/06\/GFPLANCHA3-300x200.jpeg 300w, https:\/\/entretormentas.com\/wp-content\/uploads\/2025\/06\/GFPLANCHA3-768x512.jpeg 768w, https:\/\/entretormentas.com\/wp-content\/uploads\/2025\/06\/GFPLANCHA3.jpeg 1280w\" sizes=\"(max-width: 1024px) 100vw, 1024px\" \/><\/figure>\n\n\n\n<p>Asimismo, manifest\u00f3 que \u201cSan Francisco no puede retroceder\u201d, destacando que esta no es una lucha de Un Nuevo Tiempo, sino de todos los factores democr\u00e1ticos que quieren seguir transformando el municipio sure\u00f1o.<\/p>\n\n\n\n<p>Finalmente, inst\u00f3 a la ciudadan\u00eda a elegir entre volver al pasado de desidia o continuar construyendo un municipio digno y moderno. \u201cEstamos convocando a la gente de San Francisco a seguir luchando por la esperanza y por el futuro. Estoy convenido que ese error que se cometi\u00f3 el 25 de mayo, no lo vamos a volver a cometer el 27 de julio. Estoy convencido que San Francisco va a salir a votar para defender el futuro de su gente\u201d concluy\u00f3.<br><strong><em>ET \/ Nota de prensa<\/em><\/strong><\/p>\n\n\n\n<p><\/p>\n","protected":false},"excerpt":{"rendered":"<p>ENTRE TORMENTAS. En una rueda de prensa celebrada este martes 18 de junio, el alcalde&#8230;<\/p>\n","protected":false},"author":2,"featured_media":18120,"comment_status":"closed","ping_status":"open","sticky":false,"template":"","format":"standard","meta":{"footnotes":""},"categories":[57,1],"tags":[],"class_list":["post-18117","post","type-post","status-publish","format-standard","has-post-thumbnail","hentry","category-actualidad","category-regionales"],"_links":{"self":[{"href":"https:\/\/entretormentas.com\/index.php?rest_route=\/wp\/v2\/posts\/18117","targetHints":{"allow":["GET"]}}],"collection":[{"href":"https:\/\/entretormentas.com\/index.php?rest_route=\/wp\/v2\/posts"}],"about":[{"href":"https:\/\/entretormentas.com\/index.php?rest_route=\/wp\/v2\/types\/post"}],"author":[{"embeddable":true,"href":"https:\/\/entretormentas.com\/index.php?rest_route=\/wp\/v2\/users\/2"}],"replies":[{"embeddable":true,"href":"https:\/\/entretormentas.com\/index.php?rest_route=%2Fwp%2Fv2%2Fcomments&post=18117"}],"version-history":[{"count":1,"href":"https:\/\/entretormentas.com\/index.php?rest_route=\/wp\/v2\/posts\/18117\/revisions"}],"predecessor-version":[{"id":18121,"href":"https:\/\/entretormentas.com\/index.php?rest_route=\/wp\/v2\/posts\/18117\/revisions\/18121"}],"wp:featuredmedia":[{"embeddable":true,"href":"https:\/\/entretormentas.com\/index.php?rest_route=\/wp\/v2\/media\/18120"}],"wp:attachment":[{"href":"https:\/\/entretormentas.com\/index.php?rest_route=%2Fwp%2Fv2%2Fmedia&parent=18117"}],"wp:term":[{"taxonomy":"category","embeddable":true,"href":"https:\/\/entretormentas.com\/index.php?rest_route=%2Fwp%2Fv2%2Fcategories&post=18117"},{"taxonomy":"post_tag","embeddable":true,"href":"https:\/\/entretormentas.com\/index.php?rest_route=%2Fwp%2Fv2%2Ftags&post=18117"}],"curies":[{"name":"wp","href":"https:\/\/api.w.org\/{rel}","templated":true}]}}