{"id":18144,"date":"2025-06-19T09:47:02","date_gmt":"2025-06-19T07:47:02","guid":{"rendered":"https:\/\/entretormentas.com\/?p=18144"},"modified":"2025-06-19T09:47:03","modified_gmt":"2025-06-19T07:47:03","slug":"sobre-la-consulta-popular-consejo-de-estado-de-colombia-suspende-el-decreto-de-petro","status":"publish","type":"post","link":"https:\/\/entretormentas.com\/sobre-la-consulta-popular-consejo-de-estado-de-colombia-suspende-el-decreto-de-petro\/","title":{"rendered":"\u00a1SOBRE LA CONSULTA POPULAR! Consejo de Estado de Colombia suspende el decreto de Petro"},"content":{"rendered":"\n<p><strong>ENTRE TORMENTAS. <\/strong>El Consejo de Estado de Colombia, m\u00e1ximo tribunal de lo contencioso administrativo del pa\u00eds, suspendi\u00f3 este mi\u00e9rcoles el pol\u00e9mico decreto por el cual el presidente Gustavo Petro convoc\u00f3 una consulta popular sobre su reforma laboral, pese al previo rechazo del Senado.<\/p>\n\n\n\n<p>Seg\u00fan confirmaron a EFE fuentes del alto tribunal, la decisi\u00f3n responde a una medida cautelar de urgencia presentada por 12 senadores, entre ellos el presidente de la C\u00e1mara Alta, Efra\u00edn Cepeda, que pidieron suspender los efectos jur\u00eddicos del Decreto 639 \u00abal advertir que fue expedido sin el concepto previo favorable del Senado de la Rep\u00fablica\u00bb.<\/p>\n\n\n\n<p>La Sala Quinta del Consejo de Estado admiti\u00f3 esta demanda que buscaba la nulidad del denominado \u2018decretazo\u2019 y coincidi\u00f3 en que \u00abprevio a convocar al pueblo una decisi\u00f3n de transcendencia nacional, se requiere concepto favorable del Senado de la Rep\u00fablica, el cual, en efecto, en este preciso caso no existe\u00bb.<\/p>\n\n\n\n<figure class=\"wp-block-image size-full\"><img fetchpriority=\"high\" decoding=\"async\" width=\"300\" height=\"168\" src=\"https:\/\/entretormentas.com\/wp-content\/uploads\/2025\/06\/PETRO3.jpeg\" alt=\"\" class=\"wp-image-18145\"\/><\/figure>\n\n\n\n<p>Uno de los demandantes, el senador Carlos Fernando Motoa, del partido opositor Cambio Radical, celebr\u00f3 la decisi\u00f3n de la alta corte e inst\u00f3 al Gobierno a \u00abcambiar r\u00e1pidamente de asesores jur\u00eddicos\u00bb.<\/p>\n\n\n\n<p>\u00abSe advirti\u00f3 previamente que ese \u2018decretazo\u2019 era inconstitucional y lo que ha hecho el Consejo de Estado con la demanda que presentamos es respetar la separaci\u00f3n de poderes y calmar los \u00e1nimos de dictador que ha mostrado el presidente Gustavo Petro\u00bb, declar\u00f3 Motoa a la prensa.<\/p>\n\n\n\n<p>En respuesta, Petro escribi\u00f3 en X: \u00abNi lo uno, ni lo otro. Ni el Consejo de Estado puede determinar inconstitucionalidad, ni necesito cambiar asesores porque tampoco ha dicho ilegalidad, solo una sala ha suspendido transitoriamente mi decreto que entregu\u00e9 a la Corte Constitucional\u00bb.<\/p>\n\n\n\n<p><strong>DISPUTAS POL\u00cdTICAS<\/strong><br>Petro cumpli\u00f3 la semana pasada la promesa que ven\u00eda anunciando desde hac\u00eda tiempo y firm\u00f3 el decreto que convocaba una consulta popular sobre su reforma laboral, una medida que desat\u00f3 una oleada de cr\u00edticas y demandas ante el Consejo de Estado, la Corte Constitucional y otras instancias, por parte de opositores y juristas que la consideran inconstitucional al ser competencia del Congreso.<\/p>\n\n\n\n<p>La convocatoria a la consulta popular por decreto presidencial fue la \u00faltima carta de Petro para revivir su proyecto de reforma laboral, que hab\u00eda archivado en marzo una comisi\u00f3n del Senado. Sin embargo, revivieron la reforma a \u00faltima hora y la aprob\u00f3 el martes por el pleno de esa c\u00e1mara.<\/p>\n\n\n\n<p>En mayo, el presidente solicit\u00f3 a la C\u00e1mara Alta la convocatoria de una consulta popular para que fuera el pueblo el que decidiera sobre cambios en las leyes del trabajo, pero el pleno tambi\u00e9n hundi\u00f3 por poco margen esta propuesta, con 49 votos en contra y 47 a favor.<\/p>\n\n\n\n<p>Tras esos reveses, Petro recurri\u00f3 al llamado \u2018decretazo\u2019 con el argumento de que se hizo \u00abtrampa\u00bb en la votaci\u00f3n senatorial sobre la consulta y por eso decidi\u00f3 convocar al pueblo a las urnas el pr\u00f3ximo 7 de agosto, d\u00eda en que cumple tres a\u00f1os en el cargo.<\/p>\n\n\n\n<figure class=\"wp-block-image size-large\"><img decoding=\"async\" width=\"1024\" height=\"576\" src=\"https:\/\/entretormentas.com\/wp-content\/uploads\/2025\/06\/PETRO2-1024x576.jpg\" alt=\"\" class=\"wp-image-18146\" srcset=\"https:\/\/entretormentas.com\/wp-content\/uploads\/2025\/06\/PETRO2-1024x576.jpg 1024w, https:\/\/entretormentas.com\/wp-content\/uploads\/2025\/06\/PETRO2-300x169.jpg 300w, https:\/\/entretormentas.com\/wp-content\/uploads\/2025\/06\/PETRO2-768x432.jpg 768w, https:\/\/entretormentas.com\/wp-content\/uploads\/2025\/06\/PETRO2.jpg 1280w\" sizes=\"(max-width: 1024px) 100vw, 1024px\" \/><\/figure>\n\n\n\n<p><strong>DECRETO POL\u00c9MICO<\/strong><br>El futuro del decreto estaba principalmente en manos de la Corte Constitucional, el Consejo de Estado y la Registradur\u00eda Nacional, entidad que organiza las elecciones.<\/p>\n\n\n\n<p>Sin embargo, el registrador nacional, Hern\u00e1n Penagos, dijo la v\u00edspera que eran las altas cortes las que deb\u00edan decidir si el organismo electoral organizaba la consulta o no.<\/p>\n\n\n\n<p>\u00abEl Consejo de Estado debe decidir\u00bb, sentenci\u00f3 Penagos, quien agreg\u00f3 que \u00aben la Corte Constitucional cursan once demandas de inconstitucionalidad\u00bb.<\/p>\n\n\n\n<p>La disputa entre Gobierno y oposici\u00f3n por la reforma laboral y la consulta popular ha calentado los \u00e1nimos de las partes, que se recriminan mutuamente en un ambiente creciente de polarizaci\u00f3n por el inicio del proceso para las elecciones legislativas y presidenciales del a\u00f1o pr\u00f3ximo.<br><strong><em>ET \/ Agencias<\/em><\/strong><\/p>\n\n\n\n<p><\/p>\n","protected":false},"excerpt":{"rendered":"<p>ENTRE TORMENTAS. El Consejo de Estado de Colombia, m\u00e1ximo tribunal de lo contencioso administrativo del&#8230;<\/p>\n","protected":false},"author":2,"featured_media":18147,"comment_status":"closed","ping_status":"open","sticky":false,"template":"","format":"standard","meta":{"footnotes":""},"categories":[56,48],"tags":[],"class_list":["post-18144","post","type-post","status-publish","format-standard","has-post-thumbnail","hentry","category-destacadas","category-internacionales"],"_links":{"self":[{"href":"https:\/\/entretormentas.com\/index.php?rest_route=\/wp\/v2\/posts\/18144","targetHints":{"allow":["GET"]}}],"collection":[{"href":"https:\/\/entretormentas.com\/index.php?rest_route=\/wp\/v2\/posts"}],"about":[{"href":"https:\/\/entretormentas.com\/index.php?rest_route=\/wp\/v2\/types\/post"}],"author":[{"embeddable":true,"href":"https:\/\/entretormentas.com\/index.php?rest_route=\/wp\/v2\/users\/2"}],"replies":[{"embeddable":true,"href":"https:\/\/entretormentas.com\/index.php?rest_route=%2Fwp%2Fv2%2Fcomments&post=18144"}],"version-history":[{"count":1,"href":"https:\/\/entretormentas.com\/index.php?rest_route=\/wp\/v2\/posts\/18144\/revisions"}],"predecessor-version":[{"id":18148,"href":"https:\/\/entretormentas.com\/index.php?rest_route=\/wp\/v2\/posts\/18144\/revisions\/18148"}],"wp:featuredmedia":[{"embeddable":true,"href":"https:\/\/entretormentas.com\/index.php?rest_route=\/wp\/v2\/media\/18147"}],"wp:attachment":[{"href":"https:\/\/entretormentas.com\/index.php?rest_route=%2Fwp%2Fv2%2Fmedia&parent=18144"}],"wp:term":[{"taxonomy":"category","embeddable":true,"href":"https:\/\/entretormentas.com\/index.php?rest_route=%2Fwp%2Fv2%2Fcategories&post=18144"},{"taxonomy":"post_tag","embeddable":true,"href":"https:\/\/entretormentas.com\/index.php?rest_route=%2Fwp%2Fv2%2Ftags&post=18144"}],"curies":[{"name":"wp","href":"https:\/\/api.w.org\/{rel}","templated":true}]}}