{"id":18154,"date":"2025-06-20T12:17:04","date_gmt":"2025-06-20T10:17:04","guid":{"rendered":"https:\/\/entretormentas.com\/?p=18154"},"modified":"2025-06-20T12:17:05","modified_gmt":"2025-06-20T10:17:05","slug":"primera-dama-de-san-francisco-edad-dorada-un-espacio-recuperado-para-honrar-a-quienes-nos-dieron-tanto","status":"publish","type":"post","link":"https:\/\/entretormentas.com\/primera-dama-de-san-francisco-edad-dorada-un-espacio-recuperado-para-honrar-a-quienes-nos-dieron-tanto\/","title":{"rendered":"PRIMERA DAMA DE SAN FRANCISCO: \u00abEdad Dorada, un espacio recuperado para honrar a quienes nos dieron tanto\u00bb"},"content":{"rendered":"\n<p><strong>ENTRE TORMENTAS.<\/strong> Desde la reinauguraci\u00f3n de Edad Dorada en 2022, por el alcalde de San Francisco, Gustavo Fern\u00e1ndez, el Centro Integral de Atenci\u00f3n al Adulto Mayor se ha consolidado como un espacio fundamental para el bienestar de los abuelos del sur, luego de haber permanecido cerrado por m\u00e1s de dos a\u00f1os, afirm\u00f3 la primera dama, Franciela N\u00fa\u00f1ez.<\/p>\n\n\n\n<p>Ubicado en la parroquia Domitila Flores, Edad Dorada ofrece, de lunes a viernes, acompa\u00f1amiento, alimentaci\u00f3n, recreaci\u00f3n y atenci\u00f3n m\u00e9dica a los adultos mayores de San Francisco. Cada semana, este centro de atenci\u00f3n desarrolla una programaci\u00f3n variada que incluye actividades deportivas, manualidades, juegos de mesa, bailoterapia, corte de cabello, cuidado de u\u00f1as, talleres de arte, m\u00fasica, jardiner\u00eda, entre otras iniciativas dise\u00f1adas para promover su bienestar integral.<\/p>\n\n\n\n<figure class=\"wp-block-image size-large\"><img fetchpriority=\"high\" decoding=\"async\" width=\"1024\" height=\"768\" src=\"https:\/\/entretormentas.com\/wp-content\/uploads\/2025\/06\/anosdorados2-1024x768.jpeg\" alt=\"\" class=\"wp-image-18155\" srcset=\"https:\/\/entretormentas.com\/wp-content\/uploads\/2025\/06\/anosdorados2-1024x768.jpeg 1024w, https:\/\/entretormentas.com\/wp-content\/uploads\/2025\/06\/anosdorados2-300x225.jpeg 300w, https:\/\/entretormentas.com\/wp-content\/uploads\/2025\/06\/anosdorados2-768x576.jpeg 768w, https:\/\/entretormentas.com\/wp-content\/uploads\/2025\/06\/anosdorados2-1536x1152.jpeg 1536w, https:\/\/entretormentas.com\/wp-content\/uploads\/2025\/06\/anosdorados2-2048x1536.jpeg 2048w\" sizes=\"(max-width: 1024px) 100vw, 1024px\" \/><\/figure>\n\n\n\n<p>\u00abEdad Dorada es un espacio recuperado para honrar a quienes nos dieron tanto. Aqu\u00ed, los abuelos forman una gran familia, unida por el coraz\u00f3n. En San Francisco, ya no est\u00e1n solos. Desde que llegamos al municipio, el alcalde Gustavo Fern\u00e1ndez y yo nos hemos empe\u00f1ado en velar por la felicidad de nuestros adultos mayores,\u00bb explic\u00f3 la primera dama y presidente de la Fundaci\u00f3n Damas del Sur (Damasur), Franciela N\u00fa\u00f1ez.<\/p>\n\n\n\n<p>De esta forma, la directora de Edad Dorada, Lenis Rivera, manifest\u00f3: &#8216;M\u00e1s que un centro de asistencia, somos un refugio de amor donde los abuelos se divierten, reciben una alimentaci\u00f3n balanceada y disfrutan de buena compa\u00f1\u00eda. Nos aseguramos de que se sientan valorados, queridos y respetados. Cada actividad que organizamos est\u00e1 enfocada en su bienestar f\u00edsico, mental y emocional.\u00bb<\/p>\n\n\n\n<figure class=\"wp-block-image size-large\"><img decoding=\"async\" width=\"1024\" height=\"682\" src=\"https:\/\/entretormentas.com\/wp-content\/uploads\/2025\/06\/anosdorados3-1024x682.jpeg\" alt=\"\" class=\"wp-image-18156\" srcset=\"https:\/\/entretormentas.com\/wp-content\/uploads\/2025\/06\/anosdorados3-1024x682.jpeg 1024w, https:\/\/entretormentas.com\/wp-content\/uploads\/2025\/06\/anosdorados3-300x200.jpeg 300w, https:\/\/entretormentas.com\/wp-content\/uploads\/2025\/06\/anosdorados3-768x512.jpeg 768w, https:\/\/entretormentas.com\/wp-content\/uploads\/2025\/06\/anosdorados3.jpeg 1280w\" sizes=\"(max-width: 1024px) 100vw, 1024px\" \/><\/figure>\n\n\n\n<p><strong>ABUELOS AGRADECIDOS<\/strong><br>\u00abEste es el mejor hogar del mundo. Aqu\u00ed soy la abuela m\u00e1s feliz de San Francisco. Gracias por cuidarnos, escucharnos y atendernos con tanto amor.\u00bb Con estas palabras, Afrodicia Chac\u00edn, de 75 a\u00f1os y residente del sector El Callao, expres\u00f3 emocionada lo que significa para ella formar parte de este centro de atenci\u00f3n.<\/p>\n\n\n\n<p>Asimismo, Blanca Medina, de 77 a\u00f1os, del sector El Callao, comparti\u00f3 su experiencia: &#8216;Mi vida ha cambiado bastante desde que estoy aqu\u00ed. Despu\u00e9s de quedar viuda, me sent\u00eda muy sola en casa, pero ahora me siento acompa\u00f1ada y querida. Ellos son parte de mi familia. Aqu\u00ed nos brindan mucho cari\u00f1o y, de verdad, soy muy feliz.'\u00bb<\/p>\n\n\n\n<p>Otro de los beneficiarios, Juan Luque, de 85 a\u00f1os y vecino del sector Rafael Urdaneta, agradeci\u00f3 el apoyo recibido: \u00abGracias, alcalde Gustavo Fern\u00e1ndez, por garantizar el bienestar de todos nosotros, los abuelos, en esta instituci\u00f3n. Estoy muy feliz de estar aqu\u00ed.'\u00bb<\/p>\n\n\n\n<figure class=\"wp-block-image size-full\"><img decoding=\"async\" width=\"960\" height=\"686\" src=\"https:\/\/entretormentas.com\/wp-content\/uploads\/2025\/06\/anosdorados4.jpeg\" alt=\"\" class=\"wp-image-18157\" srcset=\"https:\/\/entretormentas.com\/wp-content\/uploads\/2025\/06\/anosdorados4.jpeg 960w, https:\/\/entretormentas.com\/wp-content\/uploads\/2025\/06\/anosdorados4-300x214.jpeg 300w, https:\/\/entretormentas.com\/wp-content\/uploads\/2025\/06\/anosdorados4-768x549.jpeg 768w\" sizes=\"(max-width: 960px) 100vw, 960px\" \/><\/figure>\n\n\n\n<p>Por su parte, Gladys Leal, de 77 a\u00f1os, destac\u00f3 la transformaci\u00f3n del espacio: \u00abEstoy agradecida con el alcalde por abrir las puertas de Edad Dorada, mejorar la infraestructura y acondicionarlo tan bonito, porque estaba muy abandonado.'\u00bb<\/p>\n\n\n\n<p>Al escuchar las muestras de cari\u00f1o de los adultos mayores que forman parte del Centro de Atenci\u00f3n Integral Edad Dorada, la primera dama de San Francisco, Franciela N\u00fa\u00f1ez de Fern\u00e1ndez, escribi\u00f3 a trav\u00e9s de sus redes sociales: \u00abSus testimonios reflejan la alegr\u00eda de contar con un hogar donde se sienten atendidos, cuidados, valorados y queridos. En el sur cuentan con un equipo dispuesto a escucharlos y acompa\u00f1arlos. Ellos merecen todo lo bonito de la vida, son una bendici\u00f3n divina.\u00bb<br><strong><em>ET \/ Alcald\u00eda de San Francisco<\/em><\/strong><\/p>\n","protected":false},"excerpt":{"rendered":"<p>ENTRE TORMENTAS. Desde la reinauguraci\u00f3n de Edad Dorada en 2022, por el alcalde de San&#8230;<\/p>\n","protected":false},"author":2,"featured_media":18158,"comment_status":"closed","ping_status":"open","sticky":false,"template":"","format":"standard","meta":{"footnotes":""},"categories":[57,1],"tags":[],"class_list":["post-18154","post","type-post","status-publish","format-standard","has-post-thumbnail","hentry","category-actualidad","category-regionales"],"_links":{"self":[{"href":"https:\/\/entretormentas.com\/index.php?rest_route=\/wp\/v2\/posts\/18154","targetHints":{"allow":["GET"]}}],"collection":[{"href":"https:\/\/entretormentas.com\/index.php?rest_route=\/wp\/v2\/posts"}],"about":[{"href":"https:\/\/entretormentas.com\/index.php?rest_route=\/wp\/v2\/types\/post"}],"author":[{"embeddable":true,"href":"https:\/\/entretormentas.com\/index.php?rest_route=\/wp\/v2\/users\/2"}],"replies":[{"embeddable":true,"href":"https:\/\/entretormentas.com\/index.php?rest_route=%2Fwp%2Fv2%2Fcomments&post=18154"}],"version-history":[{"count":1,"href":"https:\/\/entretormentas.com\/index.php?rest_route=\/wp\/v2\/posts\/18154\/revisions"}],"predecessor-version":[{"id":18159,"href":"https:\/\/entretormentas.com\/index.php?rest_route=\/wp\/v2\/posts\/18154\/revisions\/18159"}],"wp:featuredmedia":[{"embeddable":true,"href":"https:\/\/entretormentas.com\/index.php?rest_route=\/wp\/v2\/media\/18158"}],"wp:attachment":[{"href":"https:\/\/entretormentas.com\/index.php?rest_route=%2Fwp%2Fv2%2Fmedia&parent=18154"}],"wp:term":[{"taxonomy":"category","embeddable":true,"href":"https:\/\/entretormentas.com\/index.php?rest_route=%2Fwp%2Fv2%2Fcategories&post=18154"},{"taxonomy":"post_tag","embeddable":true,"href":"https:\/\/entretormentas.com\/index.php?rest_route=%2Fwp%2Fv2%2Ftags&post=18154"}],"curies":[{"name":"wp","href":"https:\/\/api.w.org\/{rel}","templated":true}]}}