{"id":18165,"date":"2025-06-20T12:25:34","date_gmt":"2025-06-20T10:25:34","guid":{"rendered":"https:\/\/entretormentas.com\/?p=18165"},"modified":"2025-06-20T12:25:35","modified_gmt":"2025-06-20T10:25:35","slug":"vecinos-respiran-tranquilos-alcaldia-de-maracaibo-sustituye-colector-en-el-sector-monte-claro","status":"publish","type":"post","link":"https:\/\/entretormentas.com\/vecinos-respiran-tranquilos-alcaldia-de-maracaibo-sustituye-colector-en-el-sector-monte-claro\/","title":{"rendered":"\u00a1VECINOS \u00abRESPIRAN TRANQUILOS\u00bb! Alcald\u00eda de Maracaibo sustituye colector en el sector Monte Claro"},"content":{"rendered":"\n<p><strong>ENTRE TORMENTAS. <\/strong>Despu\u00e9s de m\u00e1s de seis a\u00f1os lidiando con aguas negras desbordadas en el frente de sus viviendas, m\u00e1s de 120 familias de los sectores K, L y M de la urbanizaci\u00f3n Monte Claro, en la parroquia Juana de \u00c1vila, \u201crespiran tranquilos\u201d gracias a la sustituci\u00f3n de 30 metros de colector realizada por la Alcald\u00eda de Maracaibo, a trav\u00e9s de la Direcci\u00f3n de Agua.<\/p>\n\n\n\n<p>Los trabajos, que surgieron como respuesta a una solicitud realizada por la comunidad durante una asamblea vecinal el pasado 24 de mayo, se llevaron a cabo en la avenida 15Q, justo en la entrada de los sectores afectados. El proyecto incluy\u00f3 el mantenimiento a seis bocas de visita de la red de aguas servidas, ya que por el tiempo que llevaba sin trabajar correctamente, se vieron comprometidas con la entrada en funcionamiento del nuevo colector.<\/p>\n\n\n\n<figure class=\"wp-block-image size-large\"><img fetchpriority=\"high\" decoding=\"async\" width=\"1024\" height=\"682\" src=\"https:\/\/entretormentas.com\/wp-content\/uploads\/2025\/06\/montebello2-1024x682.jpeg\" alt=\"\" class=\"wp-image-18166\" srcset=\"https:\/\/entretormentas.com\/wp-content\/uploads\/2025\/06\/montebello2-1024x682.jpeg 1024w, https:\/\/entretormentas.com\/wp-content\/uploads\/2025\/06\/montebello2-300x200.jpeg 300w, https:\/\/entretormentas.com\/wp-content\/uploads\/2025\/06\/montebello2-768x512.jpeg 768w, https:\/\/entretormentas.com\/wp-content\/uploads\/2025\/06\/montebello2-1536x1024.jpeg 1536w, https:\/\/entretormentas.com\/wp-content\/uploads\/2025\/06\/montebello2-2048x1365.jpeg 2048w\" sizes=\"(max-width: 1024px) 100vw, 1024px\" \/><\/figure>\n\n\n\n<p>Luisana Savedra, periodista de 38 a\u00f1os y residente del sector, relat\u00f3 las penurias que viv\u00eda diariamente. \u201cDurante seis a\u00f1os vivimos con ese bote de aguas negras en la avenida principal. En mi casa se desbordaban los ba\u00f1os, el agua se filtraba por el piso, y tuve que dejar mi vivienda porque ya era insalubre. Esto era un problema de salud p\u00fablica: el mal olor, los insectos. Gracias a Dios, al fin alguien nos escuch\u00f3, ahora respiran tranquilos\u201d.<\/p>\n\n\n\n<p>Adri\u00e1n Romero Mart\u00ednez, alcalde encargado de Maracaibo, supervis\u00f3 el avance de la obra y destac\u00f3 la gravedad del problema. \u201cEl colector estaba completamente colapsado y los vecinos no pod\u00edan ni entrar a sus casas por la acumulaci\u00f3n de aguas servidas. Hoy sustituimos 30 metros de colector con nuestro equipo. Este es el primer paso, porque tambi\u00e9n haremos jornadas de limpieza, fumigaci\u00f3n y drenaje para garantizar condiciones dignas en la zona\u201d.<\/p>\n\n\n\n<figure class=\"wp-block-image size-large\"><img decoding=\"async\" width=\"1024\" height=\"682\" src=\"https:\/\/entretormentas.com\/wp-content\/uploads\/2025\/06\/montebello3-1024x682.jpeg\" alt=\"\" class=\"wp-image-18167\" srcset=\"https:\/\/entretormentas.com\/wp-content\/uploads\/2025\/06\/montebello3-1024x682.jpeg 1024w, https:\/\/entretormentas.com\/wp-content\/uploads\/2025\/06\/montebello3-300x200.jpeg 300w, https:\/\/entretormentas.com\/wp-content\/uploads\/2025\/06\/montebello3-768x512.jpeg 768w, https:\/\/entretormentas.com\/wp-content\/uploads\/2025\/06\/montebello3-1536x1024.jpeg 1536w, https:\/\/entretormentas.com\/wp-content\/uploads\/2025\/06\/montebello3-2048x1365.jpeg 2048w\" sizes=\"(max-width: 1024px) 100vw, 1024px\" \/><\/figure>\n\n\n\n<p><strong>ESFUERZO CONJUNTO<\/strong><br>La soluci\u00f3n fue posible gracias al trabajo mancomunado entre vecinos y la Alcald\u00eda, as\u00ed lo inform\u00f3 Javier Otero, director de Agua. \u201cLa comunidad aport\u00f3 tuber\u00edas y cemento, mientras que la municipalidad facilit\u00f3 la maquinaria y la mano de obra\u201d. Asimismo, precis\u00f3 que la municipalidad, en lo que va de 2025, sustituy\u00f3 m\u00e1s de 300 metros de colector en las 18 parroquias de Maracaibo.<\/p>\n\n\n\n<p>Mar\u00eda Alejandra Ch\u00e1vez, vecina fundadora del sector de 53 a\u00f1os, agradeci\u00f3 el apoyo recibido. \u201cDurante a\u00f1os estuvimos cinco sectores afectados por las aguas negras. Hoy estamos viendo una soluci\u00f3n real. La sustituci\u00f3n de este colector no solo resuelve un problema de a\u00f1os, tambi\u00e9n devuelve la tranquilidad y el bienestar a todas estas familias que lo necesitaban con urgencia\u201d, concluy\u00f3.<br><strong><em>ET \/ DCI Alcald\u00eda de Maracaibo<\/em><\/strong><\/p>\n","protected":false},"excerpt":{"rendered":"<p>ENTRE TORMENTAS. Despu\u00e9s de m\u00e1s de seis a\u00f1os lidiando con aguas negras desbordadas en el&#8230;<\/p>\n","protected":false},"author":2,"featured_media":18168,"comment_status":"closed","ping_status":"open","sticky":false,"template":"","format":"standard","meta":{"footnotes":""},"categories":[57,1],"tags":[],"class_list":["post-18165","post","type-post","status-publish","format-standard","has-post-thumbnail","hentry","category-actualidad","category-regionales"],"_links":{"self":[{"href":"https:\/\/entretormentas.com\/index.php?rest_route=\/wp\/v2\/posts\/18165","targetHints":{"allow":["GET"]}}],"collection":[{"href":"https:\/\/entretormentas.com\/index.php?rest_route=\/wp\/v2\/posts"}],"about":[{"href":"https:\/\/entretormentas.com\/index.php?rest_route=\/wp\/v2\/types\/post"}],"author":[{"embeddable":true,"href":"https:\/\/entretormentas.com\/index.php?rest_route=\/wp\/v2\/users\/2"}],"replies":[{"embeddable":true,"href":"https:\/\/entretormentas.com\/index.php?rest_route=%2Fwp%2Fv2%2Fcomments&post=18165"}],"version-history":[{"count":1,"href":"https:\/\/entretormentas.com\/index.php?rest_route=\/wp\/v2\/posts\/18165\/revisions"}],"predecessor-version":[{"id":18169,"href":"https:\/\/entretormentas.com\/index.php?rest_route=\/wp\/v2\/posts\/18165\/revisions\/18169"}],"wp:featuredmedia":[{"embeddable":true,"href":"https:\/\/entretormentas.com\/index.php?rest_route=\/wp\/v2\/media\/18168"}],"wp:attachment":[{"href":"https:\/\/entretormentas.com\/index.php?rest_route=%2Fwp%2Fv2%2Fmedia&parent=18165"}],"wp:term":[{"taxonomy":"category","embeddable":true,"href":"https:\/\/entretormentas.com\/index.php?rest_route=%2Fwp%2Fv2%2Fcategories&post=18165"},{"taxonomy":"post_tag","embeddable":true,"href":"https:\/\/entretormentas.com\/index.php?rest_route=%2Fwp%2Fv2%2Ftags&post=18165"}],"curies":[{"name":"wp","href":"https:\/\/api.w.org\/{rel}","templated":true}]}}