{"id":18170,"date":"2025-06-20T12:30:04","date_gmt":"2025-06-20T10:30:04","guid":{"rendered":"https:\/\/entretormentas.com\/?p=18170"},"modified":"2025-06-20T12:30:28","modified_gmt":"2025-06-20T10:30:28","slug":"del-lado-del-bien-gustavo-fernandez-se-suma-a-acto-liturgico-una-oracion-por-san-francisco","status":"publish","type":"post","link":"https:\/\/entretormentas.com\/del-lado-del-bien-gustavo-fernandez-se-suma-a-acto-liturgico-una-oracion-por-san-francisco\/","title":{"rendered":"\u00a1DEL LADO DEL BIEN! Gustavo Fern\u00e1ndez se suma a acto lit\u00fargico \u00abUna Oraci\u00f3n por San Francisco\u00bb"},"content":{"rendered":"\n<p><strong>ENTRE TORMENTAS. <\/strong>Con una misa de acci\u00f3n de gracias, el alcalde Gustavo Fern\u00e1ndez, en compa\u00f1\u00eda de la primera dama del municipio, Franciela Nu\u00f1ez de Fern\u00e1ndez, Eveling Trejo de Rosales, ex primera dama del estado y la legisladora Iraida Villasmil, junto a los candidatos a concejales, gran parte de su equipo de gobierno, simpatizantes y comunidad en general, comparti\u00f3 de esta actividad religiosa, como s\u00edmbolo de la fe, humildad y compromiso que se tiene con San Francisco.<\/p>\n\n\n\n<figure class=\"wp-block-image size-large\"><img fetchpriority=\"high\" decoding=\"async\" width=\"1024\" height=\"680\" src=\"https:\/\/entretormentas.com\/wp-content\/uploads\/2025\/06\/misa2-1024x680.jpeg\" alt=\"\" class=\"wp-image-18171\" srcset=\"https:\/\/entretormentas.com\/wp-content\/uploads\/2025\/06\/misa2-1024x680.jpeg 1024w, https:\/\/entretormentas.com\/wp-content\/uploads\/2025\/06\/misa2-300x199.jpeg 300w, https:\/\/entretormentas.com\/wp-content\/uploads\/2025\/06\/misa2-768x510.jpeg 768w, https:\/\/entretormentas.com\/wp-content\/uploads\/2025\/06\/misa2.jpeg 1280w\" sizes=\"(max-width: 1024px) 100vw, 1024px\" \/><\/figure>\n\n\n\n<p>La eucarist\u00eda denominada Una Oraci\u00f3n por San Francisco, tuvo lugar este jueves 19 de junio, en la renovada Iglesia Sant\u00edsimo Cristo, siendo presidida por el p\u00e1rroco Leonardo L\u00f3pez, quien elev\u00f3 plegarias al Todopoderoso por la uni\u00f3n y la reconciliaci\u00f3n de toda Venezuela, por la paz, esperanza, tranquilidad, futuro desarrollo y progreso de esta noble tierra sure\u00f1a.<\/p>\n\n\n\n<p>El mandatario local y candidato a la reelecci\u00f3n a la alcald\u00eda de San Francisco, Gustavo Fern\u00e1ndez inst\u00f3 a la ciudadan\u00eda a elegir entre volver al pasado de desidia o continuar construyendo un municipio digno y moderno.<\/p>\n\n\n\n<figure class=\"wp-block-image size-large\"><img decoding=\"async\" width=\"1024\" height=\"680\" src=\"https:\/\/entretormentas.com\/wp-content\/uploads\/2025\/06\/misa3-1024x680.jpeg\" alt=\"\" class=\"wp-image-18172\" srcset=\"https:\/\/entretormentas.com\/wp-content\/uploads\/2025\/06\/misa3-1024x680.jpeg 1024w, https:\/\/entretormentas.com\/wp-content\/uploads\/2025\/06\/misa3-300x199.jpeg 300w, https:\/\/entretormentas.com\/wp-content\/uploads\/2025\/06\/misa3-768x510.jpeg 768w, https:\/\/entretormentas.com\/wp-content\/uploads\/2025\/06\/misa3.jpeg 1280w\" sizes=\"(max-width: 1024px) 100vw, 1024px\" \/><\/figure>\n\n\n\n<p>Dijo adem\u00e1s que estaba seguro que San Francisco saldr\u00e1 a votar para defender el futuro de su gente. \u00abLa abstenci\u00f3n en las elecciones pasadas regionales y parlamentarias, nos dej\u00f3 una profunda huella de arrepentimiento y una experiencia amarga en la sociedad y en los electores del Zulia\u201d concluy\u00f3.<\/p>\n\n\n\n<p>Agreg\u00f3 Fern\u00e1ndez que la plancha unitaria est\u00e1 integrada por hombres y mujeres provenientes de distintos sectores del municipio: j\u00f3venes, profesionales, acad\u00e9micos y l\u00edderes comunitarios, con el objetivo de asegurar una gesti\u00f3n inclusiva, cercana y efectiva.<br><strong><em>ET \/ Nota de Prensa<\/em><\/strong><\/p>\n\n\n\n<p><\/p>\n","protected":false},"excerpt":{"rendered":"<p>ENTRE TORMENTAS. Con una misa de acci\u00f3n de gracias, el alcalde Gustavo Fern\u00e1ndez, en compa\u00f1\u00eda&#8230;<\/p>\n","protected":false},"author":2,"featured_media":18173,"comment_status":"closed","ping_status":"open","sticky":false,"template":"","format":"standard","meta":{"footnotes":""},"categories":[57,1],"tags":[],"class_list":["post-18170","post","type-post","status-publish","format-standard","has-post-thumbnail","hentry","category-actualidad","category-regionales"],"_links":{"self":[{"href":"https:\/\/entretormentas.com\/index.php?rest_route=\/wp\/v2\/posts\/18170","targetHints":{"allow":["GET"]}}],"collection":[{"href":"https:\/\/entretormentas.com\/index.php?rest_route=\/wp\/v2\/posts"}],"about":[{"href":"https:\/\/entretormentas.com\/index.php?rest_route=\/wp\/v2\/types\/post"}],"author":[{"embeddable":true,"href":"https:\/\/entretormentas.com\/index.php?rest_route=\/wp\/v2\/users\/2"}],"replies":[{"embeddable":true,"href":"https:\/\/entretormentas.com\/index.php?rest_route=%2Fwp%2Fv2%2Fcomments&post=18170"}],"version-history":[{"count":1,"href":"https:\/\/entretormentas.com\/index.php?rest_route=\/wp\/v2\/posts\/18170\/revisions"}],"predecessor-version":[{"id":18174,"href":"https:\/\/entretormentas.com\/index.php?rest_route=\/wp\/v2\/posts\/18170\/revisions\/18174"}],"wp:featuredmedia":[{"embeddable":true,"href":"https:\/\/entretormentas.com\/index.php?rest_route=\/wp\/v2\/media\/18173"}],"wp:attachment":[{"href":"https:\/\/entretormentas.com\/index.php?rest_route=%2Fwp%2Fv2%2Fmedia&parent=18170"}],"wp:term":[{"taxonomy":"category","embeddable":true,"href":"https:\/\/entretormentas.com\/index.php?rest_route=%2Fwp%2Fv2%2Fcategories&post=18170"},{"taxonomy":"post_tag","embeddable":true,"href":"https:\/\/entretormentas.com\/index.php?rest_route=%2Fwp%2Fv2%2Ftags&post=18170"}],"curies":[{"name":"wp","href":"https:\/\/api.w.org\/{rel}","templated":true}]}}